{"id":14333,"date":"2021-04-02T00:17:39","date_gmt":"2021-04-02T00:17:39","guid":{"rendered":"https:\/\/oparanews.com.br\/?p=14333"},"modified":"2021-04-02T00:17:39","modified_gmt":"2021-04-02T00:17:39","slug":"asa-anuncia-a-contratacao-do-atacante-vinicius-paiva","status":"publish","type":"post","link":"https:\/\/www.oparanews.com.br\/index.php\/2021\/04\/02\/asa-anuncia-a-contratacao-do-atacante-vinicius-paiva\/","title":{"rendered":"ASA anuncia a contrata\u00e7\u00e3o do atacante Vin\u00edcius Paiva"},"content":{"rendered":"<p>O ASA anunciou, na tarde dessa quarta-feira (31), mais um refor\u00e7o para a sequ\u00eancia do Campeonato Alagoano 2021. Seu nome \u00e9 Vin\u00edcius Paiva, centroavante que atuava com a camisa do UNIRB-BA. O atleta \u00e9 o segundo refor\u00e7o do Gigante ap\u00f3s a chegada do t\u00e9cnico Ademir Fonseca. Ele se junta a Carlos Magno, que, tamb\u00e9m, veio do clube baiano.<\/p>\n<p>O novo atacante do Alvinegro tem 29 anos de idade e passou por clubes, como \u00c1guia Negra-MS, Avenida-RS, An\u00e1polis-GO, Brusque e Oper\u00e1rio Ferrovi\u00e1rio-PR. O ASA tem tido momentos ruins no Estadual: com apenas 3 gols em quatro partidas, o time s\u00f3 conquistou tr\u00eas pontos e amarga a pen\u00faltima coloca\u00e7\u00e3o, dentro da zona do rebaixamento.<\/p>\n<p>O time arapiraquense segue os treinamentos para a sequ\u00eancia do Campeonato Estadual. Daqui a duas semanas, no s\u00e1bado, dia 10 de abril, vai enfrentar o Desportivo Alian\u00e7a no Est\u00e1dio da UFAL, ainda atr\u00e1s de sua primeira vit\u00f3ria na competi\u00e7\u00e3o. Agora, al\u00e9m de Vin\u00edcius, o Gigante tem as op\u00e7\u00f5es ofensivas com Daivison e Edson Kappa.<\/p>\n<p>&nbsp;<\/p>\n<p><strong>Fonte: Gazetaweb com Assessoria<br \/>\n<\/strong><\/p>\n<p>&nbsp;<\/p>\n","protected":false},"excerpt":{"rendered":"<p>O ASA anunciou, na tarde dessa quarta-feira (31), mais um refor\u00e7o para a sequ\u00eancia do Campeonato Alagoano 2021. Seu nome \u00e9 Vin\u00edcius Paiva, centroavante que atuava com a camisa do UNIRB-BA. O atleta \u00e9 o segundo refor\u00e7o do Gigante ap\u00f3s a chegada do t\u00e9cnico Ademir Fonseca. Ele se junta a Carlos Magno, que, tamb\u00e9m, veio &hellip;<\/p>\n","protected":false},"author":1,"featured_media":14334,"comment_status":"closed","ping_status":"closed","sticky":false,"template":"","format":"standard","meta":{"_jetpack_newsletter_access":"","_jetpack_dont_email_post_to_subs":false,"_jetpack_newsletter_tier_id":0,"_jetpack_memberships_contains_paywalled_content":false,"_jetpack_memberships_contains_paid_content":false,"footnotes":""},"categories":[1],"tags":[],"class_list":["post-14333","post","type-post","status-publish","format-standard","has-post-thumbnail","hentry","category-destaque"],"jetpack_sharing_enabled":true,"jetpack_featured_media_url":"","_links":{"self":[{"href":"https:\/\/www.oparanews.com.br\/index.php\/wp-json\/wp\/v2\/posts\/14333","targetHints":{"allow":["GET"]}}],"collection":[{"href":"https:\/\/www.oparanews.com.br\/index.php\/wp-json\/wp\/v2\/posts"}],"about":[{"href":"https:\/\/www.oparanews.com.br\/index.php\/wp-json\/wp\/v2\/types\/post"}],"author":[{"embeddable":true,"href":"https:\/\/www.oparanews.com.br\/index.php\/wp-json\/wp\/v2\/users\/1"}],"replies":[{"embeddable":true,"href":"https:\/\/www.oparanews.com.br\/index.php\/wp-json\/wp\/v2\/comments?post=14333"}],"version-history":[{"count":0,"href":"https:\/\/www.oparanews.com.br\/index.php\/wp-json\/wp\/v2\/posts\/14333\/revisions"}],"wp:attachment":[{"href":"https:\/\/www.oparanews.com.br\/index.php\/wp-json\/wp\/v2\/media?parent=14333"}],"wp:term":[{"taxonomy":"category","embeddable":true,"href":"https:\/\/www.oparanews.com.br\/index.php\/wp-json\/wp\/v2\/categories?post=14333"},{"taxonomy":"post_tag","embeddable":true,"href":"https:\/\/www.oparanews.com.br\/index.php\/wp-json\/wp\/v2\/tags?post=14333"}],"curies":[{"name":"wp","href":"https:\/\/api.w.org\/{rel}","templated":true}]}}