{"id":14345,"date":"2021-04-02T14:24:57","date_gmt":"2021-04-02T14:24:57","guid":{"rendered":"https:\/\/oparanews.com.br\/?p=14345"},"modified":"2021-04-02T14:24:57","modified_gmt":"2021-04-02T14:24:57","slug":"psg-define-preco-bilionario-por-mbappe","status":"publish","type":"post","link":"https:\/\/www.oparanews.com.br\/index.php\/2021\/04\/02\/psg-define-preco-bilionario-por-mbappe\/","title":{"rendered":"PSG define pre\u00e7o bilion\u00e1rio por Mbapp\u00e9"},"content":{"rendered":"<p>O Paris Saint-Germain est\u00e1 tentando renovar o contrato de Kylian Mbapp\u00e9 h\u00e1 alguns meses. Com o insucesso da opera\u00e7\u00e3o, o clube j\u00e1 teria definido o valor de 150 milh\u00f5es de euros &#8211; aproximadamente 1 bilh\u00e3o de reais para vender o atleta. Como o contrato do franc\u00eas termina junto da pr\u00f3xima temporada, o time parisiense desejaria vend\u00ea-lo na janela de julho. As informa\u00e7\u00f5es s\u00e3o do portal &#8220;Le Parisien&#8221;, da Fran\u00e7a.<\/p>\n<p>Recentemente, o jornal espanhol ABC noticiou que o pai de Mbapp\u00e9 teria comunicado ao PSG sobre a inten\u00e7\u00e3o do atleta em ir para o Real Madrid. Com isso e os demais fatores que envolvem a situa\u00e7\u00e3o, o time de Paris assume &#8220;perder dinheiro&#8221; com o jogador. Quando se transferiu do M\u00f4naco, o camisa 7 custou cerca de 180 milh\u00f5es de euros (cerca de 1,2 bilh\u00e3o de reais) aos cofres da equipe.<\/p>\n<p>At\u00e9 l\u00e1, Mbapp\u00e9 e seus companheiros seguem brigando por todos os campeonatos que participam. Os atuais vice-campe\u00f5es da Liga dos Campe\u00f5es est\u00e3o nas quartas de final da competi\u00e7\u00e3o onde enfrentar\u00e3o os \u00faltimos campe\u00f5es, Bayern de Munique.<\/p>\n<p>O pr\u00f3ximo compromisso da equipe francesa \u00e9 diante do Lille, neste s\u00e1bado, em casa. Os advers\u00e1rios s\u00e3o competidores diretos pelo t\u00edtulo do campeonato nacional. Ambos t\u00eam 63 pontos, mas o PSG fica na frente devido aos crit\u00e9rios de desempate.<\/p>\n<p>&nbsp;<\/p>\n<p><strong>Fonte: Terra<\/strong><\/p>\n<p>&nbsp;<\/p>\n","protected":false},"excerpt":{"rendered":"<p>O Paris Saint-Germain est\u00e1 tentando renovar o contrato de Kylian Mbapp\u00e9 h\u00e1 alguns meses. Com o insucesso da opera\u00e7\u00e3o, o clube j\u00e1 teria definido o valor de 150 milh\u00f5es de euros &#8211; aproximadamente 1 bilh\u00e3o de reais para vender o atleta. Como o contrato do franc\u00eas termina junto da pr\u00f3xima temporada, o time parisiense desejaria &hellip;<\/p>\n","protected":false},"author":1,"featured_media":14346,"comment_status":"closed","ping_status":"closed","sticky":false,"template":"","format":"standard","meta":{"_jetpack_newsletter_access":"","_jetpack_dont_email_post_to_subs":false,"_jetpack_newsletter_tier_id":0,"_jetpack_memberships_contains_paywalled_content":false,"_jetpack_memberships_contains_paid_content":false,"footnotes":""},"categories":[1],"tags":[],"class_list":["post-14345","post","type-post","status-publish","format-standard","has-post-thumbnail","hentry","category-destaque"],"jetpack_sharing_enabled":true,"jetpack_featured_media_url":"","_links":{"self":[{"href":"https:\/\/www.oparanews.com.br\/index.php\/wp-json\/wp\/v2\/posts\/14345","targetHints":{"allow":["GET"]}}],"collection":[{"href":"https:\/\/www.oparanews.com.br\/index.php\/wp-json\/wp\/v2\/posts"}],"about":[{"href":"https:\/\/www.oparanews.com.br\/index.php\/wp-json\/wp\/v2\/types\/post"}],"author":[{"embeddable":true,"href":"https:\/\/www.oparanews.com.br\/index.php\/wp-json\/wp\/v2\/users\/1"}],"replies":[{"embeddable":true,"href":"https:\/\/www.oparanews.com.br\/index.php\/wp-json\/wp\/v2\/comments?post=14345"}],"version-history":[{"count":0,"href":"https:\/\/www.oparanews.com.br\/index.php\/wp-json\/wp\/v2\/posts\/14345\/revisions"}],"wp:attachment":[{"href":"https:\/\/www.oparanews.com.br\/index.php\/wp-json\/wp\/v2\/media?parent=14345"}],"wp:term":[{"taxonomy":"category","embeddable":true,"href":"https:\/\/www.oparanews.com.br\/index.php\/wp-json\/wp\/v2\/categories?post=14345"},{"taxonomy":"post_tag","embeddable":true,"href":"https:\/\/www.oparanews.com.br\/index.php\/wp-json\/wp\/v2\/tags?post=14345"}],"curies":[{"name":"wp","href":"https:\/\/api.w.org\/{rel}","templated":true}]}}