{"id":14348,"date":"2021-04-02T21:59:41","date_gmt":"2021-04-02T21:59:41","guid":{"rendered":"https:\/\/oparanews.com.br\/?p=14348"},"modified":"2021-04-02T21:59:41","modified_gmt":"2021-04-02T21:59:41","slug":"governo-libera-consulta-para-auxilio-emergencial-2021","status":"publish","type":"post","link":"https:\/\/www.oparanews.com.br\/index.php\/2021\/04\/02\/governo-libera-consulta-para-auxilio-emergencial-2021\/","title":{"rendered":"Governo libera consulta para aux\u00edlio emergencial 2021"},"content":{"rendered":"<p>Depois de uma longa espera para consultar quem est\u00e1 aprovado para a nova rodada de pagamentos do Aux\u00edlio Emergencial 2021, a consulta foi finalmente liberada nesta sexta-feira (2).<\/p>\n<p>Os brasileiros que queiram consultar se ter\u00e3o acesso as novas parcelas do benef\u00edcio em 2021 podem fazer por meio do Portal de Consultas da Dataprev. O processo para consulta \u00e9 bem simples, veja:<\/p>\n<p>Acesse o <a href=\"https:\/\/consultaauxilio.dataprev.gov.br\/consulta\/#\/\"><strong>Portal de Consultas<\/strong><\/a><br \/>\nNome completo<br \/>\nNome da m\u00e3e (caso n\u00e3o tenha registro de m\u00e3e, basta selecionar a op\u00e7\u00e3o M\u00e3e desconhecida)<br \/>\nData de nascimento<br \/>\nClicar em n\u00e3o sou rob\u00f4 e enviar<\/p>\n<p>Os cidad\u00e3os que recebem Bolsa Fam\u00edlia e os inscritos no Cad\u00danico n\u00e3o estar\u00e3o na lista dispon\u00edvel pela Dataprev, para estes casos, as parcelas ser\u00e3o depositadas automaticamente na conta dos benefici\u00e1rios que se enquadram nas regras para ter acesso ao benef\u00edcio.<\/p>\n<p>Os pagamentos do aux\u00edlio emergencial come\u00e7am na pr\u00f3xima ter\u00e7a-feira (6) para os benefici\u00e1rios que se inscreveram por meio de site e aplicativo para ter acesso ao aux\u00edlio no ano passado, bem como para inscritos do Cad\u00danico que n\u00e3o recebem o Bolsa Fam\u00edlia.<\/p>\n<p>Para os benefici\u00e1rios do Bolsa Fam\u00edlia os pagamentos come\u00e7am no dia 16 de abril e seguem o cronograma habitual do programa social, sendo liberado nos dez \u00faltimos dias \u00fateis de cada m\u00eas.<\/p>\n<p>Para consultar o calend\u00e1rio completo de pagamentos do Aux\u00edlio Emergencial 2021, basta clicar aqui. Por fim, vale lembrar que o benef\u00edcio deste ano n\u00e3o permite novos inscritos, a autoriza\u00e7\u00e3o \u00e9 apenas para os trabalhadores que j\u00e1 receberam no ano passado.<\/p>\n<p>&nbsp;<\/p>\n<p><strong>Fonte: Jornalcontabil<\/strong><\/p>\n<p>&nbsp;<\/p>\n","protected":false},"excerpt":{"rendered":"<p>Depois de uma longa espera para consultar quem est\u00e1 aprovado para a nova rodada de pagamentos do Aux\u00edlio Emergencial 2021, a consulta foi finalmente liberada nesta sexta-feira (2). Os brasileiros que queiram consultar se ter\u00e3o acesso as novas parcelas do benef\u00edcio em 2021 podem fazer por meio do Portal de Consultas da Dataprev. O processo &hellip;<\/p>\n","protected":false},"author":1,"featured_media":14349,"comment_status":"closed","ping_status":"closed","sticky":false,"template":"","format":"standard","meta":{"_jetpack_newsletter_access":"","_jetpack_dont_email_post_to_subs":false,"_jetpack_newsletter_tier_id":0,"_jetpack_memberships_contains_paywalled_content":false,"_jetpack_memberships_contains_paid_content":false,"footnotes":""},"categories":[1],"tags":[],"class_list":["post-14348","post","type-post","status-publish","format-standard","has-post-thumbnail","hentry","category-destaque"],"jetpack_sharing_enabled":true,"jetpack_featured_media_url":"","_links":{"self":[{"href":"https:\/\/www.oparanews.com.br\/index.php\/wp-json\/wp\/v2\/posts\/14348","targetHints":{"allow":["GET"]}}],"collection":[{"href":"https:\/\/www.oparanews.com.br\/index.php\/wp-json\/wp\/v2\/posts"}],"about":[{"href":"https:\/\/www.oparanews.com.br\/index.php\/wp-json\/wp\/v2\/types\/post"}],"author":[{"embeddable":true,"href":"https:\/\/www.oparanews.com.br\/index.php\/wp-json\/wp\/v2\/users\/1"}],"replies":[{"embeddable":true,"href":"https:\/\/www.oparanews.com.br\/index.php\/wp-json\/wp\/v2\/comments?post=14348"}],"version-history":[{"count":0,"href":"https:\/\/www.oparanews.com.br\/index.php\/wp-json\/wp\/v2\/posts\/14348\/revisions"}],"wp:attachment":[{"href":"https:\/\/www.oparanews.com.br\/index.php\/wp-json\/wp\/v2\/media?parent=14348"}],"wp:term":[{"taxonomy":"category","embeddable":true,"href":"https:\/\/www.oparanews.com.br\/index.php\/wp-json\/wp\/v2\/categories?post=14348"},{"taxonomy":"post_tag","embeddable":true,"href":"https:\/\/www.oparanews.com.br\/index.php\/wp-json\/wp\/v2\/tags?post=14348"}],"curies":[{"name":"wp","href":"https:\/\/api.w.org\/{rel}","templated":true}]}}