{"id":14351,"date":"2021-04-02T22:04:00","date_gmt":"2021-04-02T22:04:00","guid":{"rendered":"https:\/\/oparanews.com.br\/?p=14351"},"modified":"2021-04-02T22:04:00","modified_gmt":"2021-04-02T22:04:00","slug":"alagoas-confirma-620-casos-e-22-mortes-por-covid-19","status":"publish","type":"post","link":"https:\/\/www.oparanews.com.br\/index.php\/2021\/04\/02\/alagoas-confirma-620-casos-e-22-mortes-por-covid-19\/","title":{"rendered":"Alagoas confirma 620 casos e 22 mortes por Covid-19"},"content":{"rendered":"<p>Alagoas registrou 620 casos e 22 mortes por Covid-19 nas \u00faltimas 24 horas, segundo o boletim epidemiol\u00f3gico da Secretaria de Estado da Sa\u00fade (Sesau) desta sexta-feira (2).<\/p>\n<p>O estado tem 154.819 casos confirmados e 3.598 \u00f3bitos causados pela doen\u00e7a; 146.821 pacientes se recuperaram e 3.587 est\u00e3o em tratamento, em isolamento domiciliar.<\/p>\n<p>H\u00e1 10.536 casos suspeitos, que s\u00e3o de pacientes que aguardam resultado de testes.<\/p>\n<p>Segundo dados divulgados \u00e0s 16h dessa quinta-feira (1) pela Sesau, a taxa de ocupa\u00e7\u00e3o dos leitos de UTI no estado \u00e9 de 88%. Na capital, a ocupa\u00e7\u00e3o de UTI \u00e9 de 92%.<\/p>\n<p><strong>Mais 22 mortes por Covid-19<\/strong><\/p>\n<p>Macei\u00f3: Homem, 58 anos \u2013 sem comorbidades<br \/>\nMacei\u00f3: Homem, 59 anos \u2013 diab\u00e9tico<br \/>\nMacei\u00f3: Homem, 69 anos \u2013 Alzheimer<br \/>\nMacei\u00f3: Homem, 72 anos \u2013 sem comorbidades<br \/>\nMacei\u00f3: Homem, 78 anos \u2013 doen\u00e7a card\u00edaca cr\u00f4nica &#8211; morreu em casa<br \/>\nMacei\u00f3: Mulher, 66 anos \u2013 sem comorbidades<br \/>\nMacei\u00f3: Mulher, 70 anos \u2013 hipertensa<br \/>\nMacei\u00f3: Mulher, 71 anos \u2013 doen\u00e7a cardiovascular<br \/>\nMacei\u00f3: Mulher, 71 anos \u2013 hipertensa<br \/>\nMacei\u00f3: Mulher, 73 anos \u2013 sem comorbidades<br \/>\nArapiraca: Homem, 54 anos \u2013 sem comorbidades<br \/>\nCra\u00edbas: Homem, 56 anos \u2013 sem comorbidades<br \/>\nCampo Alegre: Homem, 59 anos \u2013 sem comorbidades<br \/>\nCra\u00edbas: Homem, 66 anos \u2013 hipertenso<br \/>\nSantana do Ipanema: Homem, 71 anos \u2013 cardiopatia e hipertens\u00e3o arterial<br \/>\nArapiraca: Homem, 72 anos \u2013 hipertenso<br \/>\nArapiraca: Homem, 77 anos \u2013 hipertens\u00e3o e diabetes<br \/>\nCoit\u00e9 do N\u00f3ia: Homem, 79 anos \u2013 hipertenso<br \/>\nS\u00e3o Miguel dos Milagres: Homem, 84 anos \u2013 imunossuprimido e renal cr\u00f4nico<br \/>\nCoit\u00e9 do N\u00f3ia: Mulher, 58 anos \u2013 hipertensa e diab\u00e9tica<br \/>\nDelmiro Gouveia: Mulher, 65 anos \u2013 sequelas de um Acidente Vascular Encef\u00e1lico (AVE)<br \/>\nCoit\u00e9 do N\u00f3ia: Mulher, 66 anos \u2013 sem comorbidades<\/p>\n<p>&nbsp;<\/p>\n<p><strong>Fonte: G1\/AL<\/strong><\/p>\n<p>&nbsp;<\/p>\n","protected":false},"excerpt":{"rendered":"<p>Alagoas registrou 620 casos e 22 mortes por Covid-19 nas \u00faltimas 24 horas, segundo o boletim epidemiol\u00f3gico da Secretaria de Estado da Sa\u00fade (Sesau) desta sexta-feira (2). O estado tem 154.819 casos confirmados e 3.598 \u00f3bitos causados pela doen\u00e7a; 146.821 pacientes se recuperaram e 3.587 est\u00e3o em tratamento, em isolamento domiciliar. H\u00e1 10.536 casos suspeitos, &hellip;<\/p>\n","protected":false},"author":1,"featured_media":8832,"comment_status":"closed","ping_status":"closed","sticky":false,"template":"","format":"standard","meta":{"_jetpack_newsletter_access":"","_jetpack_dont_email_post_to_subs":false,"_jetpack_newsletter_tier_id":0,"_jetpack_memberships_contains_paywalled_content":false,"_jetpack_memberships_contains_paid_content":false,"footnotes":""},"categories":[1],"tags":[],"class_list":["post-14351","post","type-post","status-publish","format-standard","has-post-thumbnail","hentry","category-destaque"],"jetpack_sharing_enabled":true,"jetpack_featured_media_url":"","_links":{"self":[{"href":"https:\/\/www.oparanews.com.br\/index.php\/wp-json\/wp\/v2\/posts\/14351","targetHints":{"allow":["GET"]}}],"collection":[{"href":"https:\/\/www.oparanews.com.br\/index.php\/wp-json\/wp\/v2\/posts"}],"about":[{"href":"https:\/\/www.oparanews.com.br\/index.php\/wp-json\/wp\/v2\/types\/post"}],"author":[{"embeddable":true,"href":"https:\/\/www.oparanews.com.br\/index.php\/wp-json\/wp\/v2\/users\/1"}],"replies":[{"embeddable":true,"href":"https:\/\/www.oparanews.com.br\/index.php\/wp-json\/wp\/v2\/comments?post=14351"}],"version-history":[{"count":0,"href":"https:\/\/www.oparanews.com.br\/index.php\/wp-json\/wp\/v2\/posts\/14351\/revisions"}],"wp:attachment":[{"href":"https:\/\/www.oparanews.com.br\/index.php\/wp-json\/wp\/v2\/media?parent=14351"}],"wp:term":[{"taxonomy":"category","embeddable":true,"href":"https:\/\/www.oparanews.com.br\/index.php\/wp-json\/wp\/v2\/categories?post=14351"},{"taxonomy":"post_tag","embeddable":true,"href":"https:\/\/www.oparanews.com.br\/index.php\/wp-json\/wp\/v2\/tags?post=14351"}],"curies":[{"name":"wp","href":"https:\/\/api.w.org\/{rel}","templated":true}]}}