{"id":14356,"date":"2021-04-02T22:40:15","date_gmt":"2021-04-02T22:40:15","guid":{"rendered":"https:\/\/oparanews.com.br\/?p=14356"},"modified":"2021-04-02T22:40:15","modified_gmt":"2021-04-02T22:40:15","slug":"incendio-destroi-residencia-em-sao-sebastiao","status":"publish","type":"post","link":"https:\/\/www.oparanews.com.br\/index.php\/2021\/04\/02\/incendio-destroi-residencia-em-sao-sebastiao\/","title":{"rendered":"Inc\u00eandio destr\u00f3i resid\u00eancia em Teot\u00f4nio Vilela"},"content":{"rendered":"<p>Um inc\u00eandio atingiu uma resid\u00eancia, localizada no bairro S\u00e3o Sebasti\u00e3o, na cidade de Teot\u00f4nio Vilela. De acordo com informa\u00e7\u00f5es do Corpo de Bombeiros Militar, o fogo teve in\u00edcio a partir de problemas el\u00e9tricos e rapidamente se espalhou pelo im\u00f3vel.<\/p>\n<p>Tr\u00eas c\u00f4modos foram atingidos: quarto, sala e cozinha. Os propriet\u00e1rios do im\u00f3vel informaram que tiveram v\u00e1rios m\u00f3veis e pertences destru\u00eddos.<\/p>\n<p>Uma equipe com quatro militares, da base de S\u00e3o Miguel dos Campos, combateu o inc\u00eandio e resgatou um c\u00e3o que estava preso no quintal. Depois de realizar o rescaldo do ambiente, os bombeiros orientaram os propriet\u00e1rios sobre as provid\u00eancias a serem tomadas.<\/p>\n<p>&nbsp;<\/p>\n<p><strong>Fonte: AL24horas<\/strong><\/p>\n<p>&nbsp;<\/p>\n","protected":false},"excerpt":{"rendered":"<p>Um inc\u00eandio atingiu uma resid\u00eancia, localizada no bairro S\u00e3o Sebasti\u00e3o, na cidade de Teot\u00f4nio Vilela. De acordo com informa\u00e7\u00f5es do Corpo de Bombeiros Militar, o fogo teve in\u00edcio a partir de problemas el\u00e9tricos e rapidamente se espalhou pelo im\u00f3vel. Tr\u00eas c\u00f4modos foram atingidos: quarto, sala e cozinha. Os propriet\u00e1rios do im\u00f3vel informaram que tiveram v\u00e1rios &hellip;<\/p>\n","protected":false},"author":1,"featured_media":14357,"comment_status":"closed","ping_status":"closed","sticky":false,"template":"","format":"standard","meta":{"_jetpack_newsletter_access":"","_jetpack_dont_email_post_to_subs":false,"_jetpack_newsletter_tier_id":0,"_jetpack_memberships_contains_paywalled_content":false,"_jetpack_memberships_contains_paid_content":false,"footnotes":""},"categories":[1],"tags":[],"class_list":["post-14356","post","type-post","status-publish","format-standard","has-post-thumbnail","hentry","category-destaque"],"jetpack_sharing_enabled":true,"jetpack_featured_media_url":"","_links":{"self":[{"href":"https:\/\/www.oparanews.com.br\/index.php\/wp-json\/wp\/v2\/posts\/14356","targetHints":{"allow":["GET"]}}],"collection":[{"href":"https:\/\/www.oparanews.com.br\/index.php\/wp-json\/wp\/v2\/posts"}],"about":[{"href":"https:\/\/www.oparanews.com.br\/index.php\/wp-json\/wp\/v2\/types\/post"}],"author":[{"embeddable":true,"href":"https:\/\/www.oparanews.com.br\/index.php\/wp-json\/wp\/v2\/users\/1"}],"replies":[{"embeddable":true,"href":"https:\/\/www.oparanews.com.br\/index.php\/wp-json\/wp\/v2\/comments?post=14356"}],"version-history":[{"count":0,"href":"https:\/\/www.oparanews.com.br\/index.php\/wp-json\/wp\/v2\/posts\/14356\/revisions"}],"wp:attachment":[{"href":"https:\/\/www.oparanews.com.br\/index.php\/wp-json\/wp\/v2\/media?parent=14356"}],"wp:term":[{"taxonomy":"category","embeddable":true,"href":"https:\/\/www.oparanews.com.br\/index.php\/wp-json\/wp\/v2\/categories?post=14356"},{"taxonomy":"post_tag","embeddable":true,"href":"https:\/\/www.oparanews.com.br\/index.php\/wp-json\/wp\/v2\/tags?post=14356"}],"curies":[{"name":"wp","href":"https:\/\/api.w.org\/{rel}","templated":true}]}}