{"id":14372,"date":"2021-04-04T13:41:41","date_gmt":"2021-04-04T13:41:41","guid":{"rendered":"https:\/\/oparanews.com.br\/?p=14372"},"modified":"2021-04-04T13:41:41","modified_gmt":"2021-04-04T13:41:41","slug":"gremio-sai-do-gre-nal-fortalecido-para-libertadores","status":"publish","type":"post","link":"https:\/\/www.oparanews.com.br\/index.php\/2021\/04\/04\/gremio-sai-do-gre-nal-fortalecido-para-libertadores\/","title":{"rendered":"Gr\u00eamio sai do Gre-Nal fortalecido para Libertadores"},"content":{"rendered":"<p>A \u00fanica coisa exuberante do Gre-Nal da noite deste s\u00e1bado, na Arena, saiu dos p\u00e9s de L\u00e9o Ch\u00fa, quase com o jogo terminado. O gol da vit\u00f3ria do Gr\u00eamio saiu dos p\u00e9s de um jovem formado na base. Ali\u00e1s, as melhores not\u00edcias foram os guris e as respectivas rea\u00e7\u00f5es a um jogo grande. Na jun\u00e7\u00e3o destes fatores com o resultado, o Tricolor sai fortalecido para a Libertadores.<\/p>\n<p>Na pr\u00f3xima quarta-feira, o Gr\u00eamio encara o Independiente Del Valle na primeira partida da terceira fase. O jogo do ano, j\u00e1 que define a participa\u00e7\u00e3o na fase de grupos da competi\u00e7\u00e3o. E que tem uma rela\u00e7\u00e3o com o estilo implementado no Inter, j\u00e1 que Miguel \u00c1ngel Ram\u00edrez se destacou no clube equatoriano.<\/p>\n<p>O Gre-Nal injeta confian\u00e7a mesmo sem ser bem jogado no estilo Gr\u00eamio de Renato dos \u00faltimos anos. A posse de bola ficou com o Inter, que levou pouco perigo ao gol de Brenno. O goleiro evitou o gol de Praxedes no fim do primeiro tempo e viu Lucas Ribeiro desperdi\u00e7ar oportunidade ap\u00f3s fazer fila no segundo.<\/p>\n<p>Um cl\u00e1ssico vencido sempre ajuda a engrossar o trabalho. Ainda em ritmo de in\u00edcio de temporada, \u00e9 verdade, mas com \u00e2nimo diferente para encarar a altitude de Quito. Ainda mais com lideran\u00e7a do Gauch\u00e3o com uma rodada a menos.<\/p>\n<p>\u2014 A heran\u00e7a \u00e9 que t\u00ednhamos um Gre-Nal e o Gr\u00eamio venceu mais um. Foi basicamente a segunda partida que tenho o time-base. Tenho aproveitado os garotos e eles t\u00eam correspondido. O time modificado o tempo todo \u00e9 dif\u00edcil ter o entrosamento. O garoto ainda n\u00e3o tem a experi\u00eancia necess\u00e1ria, por isso procuro mesclar \u2014 destacou Renato.<\/p>\n<p>O gol saiu nos minutos finais dos p\u00e9s de L\u00e9o Ch\u00fa em um chuta\u00e7o de fora da \u00e1rea. O atacante, pelo lance e outra jogada de perigo, foi um dos nomes do jogo. Ao lado de Ruan, Vanderson e Brenno. Darlan, Ricardinho e L\u00e9o Pereira entraram bem. A semelhan\u00e7a entre eles: todos jovens pin\u00e7ados da base.<\/p>\n<p>Ricardinho e L\u00e9o Pereira foram contratados recentemente. Mas o restante \u00e9 formado no Gr\u00eamio, alguns com longos anos de casa, como Darlan e L\u00e9o Ch\u00fa. No final, foram nove jogadores com passagem pelas categorias inferiores do clube.<\/p>\n<p>Uma vit\u00f3ria, mesmo que sem jogar bem e com ares dram\u00e1ticos no fim, d\u00e1 casca para os jovens encararem agora a Libertadores. O time deve ser a base do Gre-Nal, mas sem Maicon, que deixou o gramado da Arena mancando e ser\u00e1 substitu\u00eddo por Darlan ou Lucas Silva no Equador.<\/p>\n<p>L\u00e9o Ch\u00fa cada vez mais aparece como alternativa a Alisson, que n\u00e3o foi bem. Vanderson estreou em Gre-Nal como veterano, o que ali\u00e1s j\u00e1 havia feito em plena final de Copa do Brasil. Ruan mostrou sua qualidade na defesa e pode ficar no time, j\u00e1 que a volta de Kannemann n\u00e3o \u00e9 certa.<\/p>\n<p>\u2014 Voc\u00eas sabem que sou encantado com eles (jovens). Eles quem d\u00e3o a resposta, mas precisamos ir com calma com os garotos para n\u00e3o queim\u00e1-los. Solto na hora certa, sem dar tanta responsabilidade. Temos que formar novos jogadores para serem vendidos. \u00c9 um trabalho espetacular que fa\u00e7o com a base. Eles nos ajudar\u00e3o, mas \u00e9 importante ter experi\u00eancia, gente cascuda \u2014 ponderou Renato.<\/p>\n<p>O Gr\u00eamio optou por marcar e transpirar no cl\u00e1ssico, como j\u00e1 pediu o preparador f\u00edsico M\u00e1rio Pereira no aquecimento \u2014 ali\u00e1s, ele pr\u00f3prio um torcedor fervoroso gremista.<\/p>\n<p>Renato em alguns momentos fez uma linha com Alisson, Pinares, Maicon e Ferreira no meio e Matheus Henrique centralizado, mais recuado. Tentou fechar o campo, mas por vezes havia espa\u00e7os pelo tipo de marca\u00e7\u00e3o escolhida, j\u00e1 que h\u00e1 encaixes individuais.<\/p>\n<p>\u00c9 bom lembrar, tamb\u00e9m, que o Del Valle \u00e9 um est\u00e1gio avan\u00e7ado do que o Inter pretende ser no futuro. Ent\u00e3o, valia uma observa\u00e7\u00e3o de como ser\u00e1 a rea\u00e7\u00e3o do Gr\u00eamio contra o estilo do advers\u00e1rio equatoriano.<\/p>\n<p>Mas o time cresceu e chegou mais no segundo tempo justamente com a presen\u00e7a de mais jovens. O campo mostra que Renato pode apostar nos guris, embora o discurso seja de calma.<\/p>\n<p>Resta agora se jogar na decis\u00e3o que pode mudar o rumo da temporada 2021.<\/p>\n<p>&nbsp;<\/p>\n<p><strong>Fonte: GE<\/strong><\/p>\n<p>&nbsp;<\/p>\n","protected":false},"excerpt":{"rendered":"<p>A \u00fanica coisa exuberante do Gre-Nal da noite deste s\u00e1bado, na Arena, saiu dos p\u00e9s de L\u00e9o Ch\u00fa, quase com o jogo terminado. O gol da vit\u00f3ria do Gr\u00eamio saiu dos p\u00e9s de um jovem formado na base. Ali\u00e1s, as melhores not\u00edcias foram os guris e as respectivas rea\u00e7\u00f5es a um jogo grande. Na jun\u00e7\u00e3o &hellip;<\/p>\n","protected":false},"author":1,"featured_media":14373,"comment_status":"closed","ping_status":"closed","sticky":false,"template":"","format":"standard","meta":{"_jetpack_newsletter_access":"","_jetpack_dont_email_post_to_subs":false,"_jetpack_newsletter_tier_id":0,"_jetpack_memberships_contains_paywalled_content":false,"_jetpack_memberships_contains_paid_content":false,"footnotes":""},"categories":[1],"tags":[],"class_list":["post-14372","post","type-post","status-publish","format-standard","has-post-thumbnail","hentry","category-destaque"],"jetpack_sharing_enabled":true,"jetpack_featured_media_url":"","_links":{"self":[{"href":"https:\/\/www.oparanews.com.br\/index.php\/wp-json\/wp\/v2\/posts\/14372","targetHints":{"allow":["GET"]}}],"collection":[{"href":"https:\/\/www.oparanews.com.br\/index.php\/wp-json\/wp\/v2\/posts"}],"about":[{"href":"https:\/\/www.oparanews.com.br\/index.php\/wp-json\/wp\/v2\/types\/post"}],"author":[{"embeddable":true,"href":"https:\/\/www.oparanews.com.br\/index.php\/wp-json\/wp\/v2\/users\/1"}],"replies":[{"embeddable":true,"href":"https:\/\/www.oparanews.com.br\/index.php\/wp-json\/wp\/v2\/comments?post=14372"}],"version-history":[{"count":0,"href":"https:\/\/www.oparanews.com.br\/index.php\/wp-json\/wp\/v2\/posts\/14372\/revisions"}],"wp:attachment":[{"href":"https:\/\/www.oparanews.com.br\/index.php\/wp-json\/wp\/v2\/media?parent=14372"}],"wp:term":[{"taxonomy":"category","embeddable":true,"href":"https:\/\/www.oparanews.com.br\/index.php\/wp-json\/wp\/v2\/categories?post=14372"},{"taxonomy":"post_tag","embeddable":true,"href":"https:\/\/www.oparanews.com.br\/index.php\/wp-json\/wp\/v2\/tags?post=14372"}],"curies":[{"name":"wp","href":"https:\/\/api.w.org\/{rel}","templated":true}]}}