{"id":14375,"date":"2021-04-04T13:47:18","date_gmt":"2021-04-04T13:47:18","guid":{"rendered":"https:\/\/oparanews.com.br\/?p=14375"},"modified":"2021-04-04T13:47:18","modified_gmt":"2021-04-04T13:47:18","slug":"carlos-alberto-de-nobrega-anuncia-volta-ao-sbt-apos-2a-dose-da-vacina","status":"publish","type":"post","link":"https:\/\/www.oparanews.com.br\/index.php\/2021\/04\/04\/carlos-alberto-de-nobrega-anuncia-volta-ao-sbt-apos-2a-dose-da-vacina\/","title":{"rendered":"Carlos Alberto de N\u00f3brega anuncia volta ao SBT ap\u00f3s 2\u00aa dose da vacina"},"content":{"rendered":"<p>Carlos Alberto de N\u00f3brega anunciou a sua volta aos est\u00fadios do SBT ap\u00f3s mais de 1 ano afastado por causa da pandemia da Covid-19. Imunizado com as duas doses da vacina, o apresentador do humor\u00edstico A Pra\u00e7a \u00c9 Nossa anunciou a retomada dos trabalhos para este m\u00eas.<\/p>\n<p>Em v\u00eddeo publicado em sua rede social, o dono do banco da pra\u00e7a mais vista do pa\u00eds revelou a novidade. \u201cTirei a barba! Sabe por qu\u00ea? Dia 13 [de abril], eu estou gravando o primeiro in\u00e9dito do ano! Vamos come\u00e7ar tudo de novo! Fiquei mais jovem, fala a verdade!\u201d, divertiu-se no v\u00eddeo.<\/p>\n<p>O humorista foi diagnosticado com a Covid-19 e foi internado em fevereiro por preven\u00e7\u00e3o. Ele recebeu alta do hospital S\u00edrio Liban\u00eas, em S\u00e3o Paulo, no in\u00edcio do m\u00eas passado. Ele passou dez dias na institui\u00e7\u00e3o.<\/p>\n<p>\u201cNo\u0301s vencemos. Vencemos porque voc\u00eas oraram muito por mim. Pelas centenas de mensagens de amigos, por ter uma equipe me\u0301dica que cuidou de mim com muito amor. Essa equipe de enfermagem que mais cuidou com muito amor\u201d, agradeceu.<\/p>\n<p>\u201cObrigado meus velhos amigos e doutores David Uip e Roberto Kalil. E agradecer finalmente mais uma vez a Deus. E minha fam\u00edlia. Bendito aquele que tem voc\u00eas. Minha esposa Renata, meus filhos e netos! Estou de volta!\u201d, celebrou na internet.<\/p>\n<p>&nbsp;<\/p>\n<p><strong>Fonte: RD1<\/strong><\/p>\n<p>&nbsp;<\/p>\n","protected":false},"excerpt":{"rendered":"<p>Carlos Alberto de N\u00f3brega anunciou a sua volta aos est\u00fadios do SBT ap\u00f3s mais de 1 ano afastado por causa da pandemia da Covid-19. Imunizado com as duas doses da vacina, o apresentador do humor\u00edstico A Pra\u00e7a \u00c9 Nossa anunciou a retomada dos trabalhos para este m\u00eas. Em v\u00eddeo publicado em sua rede social, o &hellip;<\/p>\n","protected":false},"author":1,"featured_media":14376,"comment_status":"closed","ping_status":"closed","sticky":false,"template":"","format":"standard","meta":{"_jetpack_newsletter_access":"","_jetpack_dont_email_post_to_subs":false,"_jetpack_newsletter_tier_id":0,"_jetpack_memberships_contains_paywalled_content":false,"_jetpack_memberships_contains_paid_content":false,"footnotes":""},"categories":[1],"tags":[],"class_list":["post-14375","post","type-post","status-publish","format-standard","has-post-thumbnail","hentry","category-destaque"],"jetpack_sharing_enabled":true,"jetpack_featured_media_url":"","_links":{"self":[{"href":"https:\/\/www.oparanews.com.br\/index.php\/wp-json\/wp\/v2\/posts\/14375","targetHints":{"allow":["GET"]}}],"collection":[{"href":"https:\/\/www.oparanews.com.br\/index.php\/wp-json\/wp\/v2\/posts"}],"about":[{"href":"https:\/\/www.oparanews.com.br\/index.php\/wp-json\/wp\/v2\/types\/post"}],"author":[{"embeddable":true,"href":"https:\/\/www.oparanews.com.br\/index.php\/wp-json\/wp\/v2\/users\/1"}],"replies":[{"embeddable":true,"href":"https:\/\/www.oparanews.com.br\/index.php\/wp-json\/wp\/v2\/comments?post=14375"}],"version-history":[{"count":0,"href":"https:\/\/www.oparanews.com.br\/index.php\/wp-json\/wp\/v2\/posts\/14375\/revisions"}],"wp:attachment":[{"href":"https:\/\/www.oparanews.com.br\/index.php\/wp-json\/wp\/v2\/media?parent=14375"}],"wp:term":[{"taxonomy":"category","embeddable":true,"href":"https:\/\/www.oparanews.com.br\/index.php\/wp-json\/wp\/v2\/categories?post=14375"},{"taxonomy":"post_tag","embeddable":true,"href":"https:\/\/www.oparanews.com.br\/index.php\/wp-json\/wp\/v2\/tags?post=14375"}],"curies":[{"name":"wp","href":"https:\/\/api.w.org\/{rel}","templated":true}]}}