{"id":14378,"date":"2021-04-04T13:48:58","date_gmt":"2021-04-04T13:48:58","guid":{"rendered":"https:\/\/oparanews.com.br\/?p=14378"},"modified":"2021-04-04T13:48:58","modified_gmt":"2021-04-04T13:48:58","slug":"morre-agnaldo-timoteo-vitima-de-complicacoes-da-covid-19","status":"publish","type":"post","link":"https:\/\/www.oparanews.com.br\/index.php\/2021\/04\/04\/morre-agnaldo-timoteo-vitima-de-complicacoes-da-covid-19\/","title":{"rendered":"Morre Agnaldo Tim\u00f3teo v\u00edtima de complica\u00e7\u00f5es da Covid-19"},"content":{"rendered":"<p>Agnaldo Tim\u00f3teo, 84 anos, morreu na manh\u00e3 deste s\u00e1bado (3), por complica\u00e7\u00f5es da Covid-19. O cantor e pol\u00edtico estava desde 17 de mar\u00e7o internado por causa da doen\u00e7a. A informa\u00e7\u00e3o da morte do artista foi confirmada pelo Instituto Funjor.<\/p>\n<p>\u201cAgnaldo Tim\u00f3teo viver\u00e1 eternamente em nossos cora\u00e7\u00f5es! A fam\u00edlia agradece todo o apoio e profissionalismo da Rede Hospital Casa S\u00e3o Bernardo nessa batalha. A fam\u00edlia informa que a Corrente de F\u00e9, com pensamentos positivos e ora\u00e7\u00f5es, permanecer\u00e1, em prol da cura final dessa doen\u00e7a e pelos que ainda est\u00e3o lutando\u201d, informou a assessoria.<\/p>\n<p>\u201cTemos a convic\u00e7\u00e3o que Tim\u00f3teo deu o seu Melhor para vencer essa batalha e a venceu!\u201d, escreveu a equipe do cantor.<\/p>\n<p>Famosos reagiram com a not\u00edcia da morte da estrela da m\u00fasica brasileira. \u201cDescanse em paz Agnaldo Tim\u00f3teo, meus sentimentos aos familiares e f\u00e3s!\u201d, escreveu Wesley Safad\u00e3o.<\/p>\n<p>\u201cQue not\u00edcia triste, meu Deus! Agnaldo se foi\u2026 Mais um perdendo para esta maldita. J\u00e1 n\u00e3o sei mais o que pensar! Ele tomou as 2 doses da vacina \u00e9? Fica aqui o meu sentimento\u201d, desabafou Roberta Miranda. Agnaldo Tim\u00f3teo tomou a primeira dose da vacina contra a Covid-19, mas n\u00e3o a segunda.<\/p>\n<p>\u201cQue triste, o nosso amigo se despediu. Meus sentimentos aos familiares, amigos e f\u00e3s do Agnaldo. Descanse em paz\u201d, declarou Celso Portiolli, apresentador do SBT. \u201cSempre me tratou com muito respeito quando a gente se encontrava nos bastidores da TV nos anos 80. Brasil perde um grande cantor\u201d, destacou Ritchie.<\/p>\n<p>&nbsp;<\/p>\n<p><strong>Fonte: RD1<\/strong><\/p>\n<p>&nbsp;<\/p>\n","protected":false},"excerpt":{"rendered":"<p>Agnaldo Tim\u00f3teo, 84 anos, morreu na manh\u00e3 deste s\u00e1bado (3), por complica\u00e7\u00f5es da Covid-19. O cantor e pol\u00edtico estava desde 17 de mar\u00e7o internado por causa da doen\u00e7a. A informa\u00e7\u00e3o da morte do artista foi confirmada pelo Instituto Funjor. \u201cAgnaldo Tim\u00f3teo viver\u00e1 eternamente em nossos cora\u00e7\u00f5es! A fam\u00edlia agradece todo o apoio e profissionalismo da &hellip;<\/p>\n","protected":false},"author":1,"featured_media":14379,"comment_status":"closed","ping_status":"closed","sticky":false,"template":"","format":"standard","meta":{"_jetpack_newsletter_access":"","_jetpack_dont_email_post_to_subs":false,"_jetpack_newsletter_tier_id":0,"_jetpack_memberships_contains_paywalled_content":false,"_jetpack_memberships_contains_paid_content":false,"footnotes":""},"categories":[1],"tags":[],"class_list":["post-14378","post","type-post","status-publish","format-standard","has-post-thumbnail","hentry","category-destaque"],"jetpack_sharing_enabled":true,"jetpack_featured_media_url":"","_links":{"self":[{"href":"https:\/\/www.oparanews.com.br\/index.php\/wp-json\/wp\/v2\/posts\/14378","targetHints":{"allow":["GET"]}}],"collection":[{"href":"https:\/\/www.oparanews.com.br\/index.php\/wp-json\/wp\/v2\/posts"}],"about":[{"href":"https:\/\/www.oparanews.com.br\/index.php\/wp-json\/wp\/v2\/types\/post"}],"author":[{"embeddable":true,"href":"https:\/\/www.oparanews.com.br\/index.php\/wp-json\/wp\/v2\/users\/1"}],"replies":[{"embeddable":true,"href":"https:\/\/www.oparanews.com.br\/index.php\/wp-json\/wp\/v2\/comments?post=14378"}],"version-history":[{"count":0,"href":"https:\/\/www.oparanews.com.br\/index.php\/wp-json\/wp\/v2\/posts\/14378\/revisions"}],"wp:attachment":[{"href":"https:\/\/www.oparanews.com.br\/index.php\/wp-json\/wp\/v2\/media?parent=14378"}],"wp:term":[{"taxonomy":"category","embeddable":true,"href":"https:\/\/www.oparanews.com.br\/index.php\/wp-json\/wp\/v2\/categories?post=14378"},{"taxonomy":"post_tag","embeddable":true,"href":"https:\/\/www.oparanews.com.br\/index.php\/wp-json\/wp\/v2\/tags?post=14378"}],"curies":[{"name":"wp","href":"https:\/\/api.w.org\/{rel}","templated":true}]}}