{"id":14384,"date":"2021-04-04T14:02:48","date_gmt":"2021-04-04T14:02:48","guid":{"rendered":"https:\/\/oparanews.com.br\/?p=14384"},"modified":"2021-04-04T14:02:48","modified_gmt":"2021-04-04T14:02:48","slug":"paulo-gustavo-segue-tratamento-com-pulmao-artificial-em-uti","status":"publish","type":"post","link":"https:\/\/www.oparanews.com.br\/index.php\/2021\/04\/04\/paulo-gustavo-segue-tratamento-com-pulmao-artificial-em-uti\/","title":{"rendered":"Paulo Gustavo segue tratamento com &#8216;pulm\u00e3o artificial&#8217; em UTI"},"content":{"rendered":"<p>Paulo Gustavo continua com a terapia por ECMO (Oxigena\u00e7\u00e3o por Membrana Extracorp\u00f3rea) na UTI. A assessoria de imprensa do ator afirmou ao UOL que o quadro segue conforme divulgado anteriormente.<\/p>\n<p>&#8220;Em ventila\u00e7\u00e3o mec\u00e2nica desde domingo (21), no Rio de Janeiro, o ator chegou a apresentar sinais de melhora, mas devido ao agravamento do quadro cl\u00ednico, teve que evoluir \u00e0 terapia por ECMO&#8221;, destacou o \u00faltimo comunicado.<\/p>\n<p>A Oxigena\u00e7\u00e3o por Membrana Extracorp\u00f3rea \u00e9 uma t\u00e9cnica utilizada em pessoas com fal\u00eancia cardiovascular ou pulmonar. A terapia conta com o uso de uma bomba para fazer circular o sangue por meio de um &#8220;pulm\u00e3o artificial&#8221; fora do corpo, regressando depois \u00e0 corrente sangu\u00ednea.<\/p>\n<p>Hoje, famosos se manifestaram nas redes sociais torcendo pela recupera\u00e7\u00e3o do ator. Regina Cas\u00e9, Tat\u00e1 Werneck, M\u00f4nica Martelli, Caetano Veloso e outras personalidades tamb\u00e9m publicaram mensagens de apoio ao artista.<\/p>\n<p>O pai de Paulo Gustavo, J\u00falio Marcos, e o marido, Thales Bretas, tamb\u00e9m se pronunciaram ap\u00f3s a divulga\u00e7\u00e3o da nota que confirmou a piora da fun\u00e7\u00e3o pulmonar do ator.<\/p>\n<p>&nbsp;<\/p>\n<p><strong>Fonte: UOL<\/strong><\/p>\n<p>&nbsp;<\/p>\n","protected":false},"excerpt":{"rendered":"<p>Paulo Gustavo continua com a terapia por ECMO (Oxigena\u00e7\u00e3o por Membrana Extracorp\u00f3rea) na UTI. A assessoria de imprensa do ator afirmou ao UOL que o quadro segue conforme divulgado anteriormente. &#8220;Em ventila\u00e7\u00e3o mec\u00e2nica desde domingo (21), no Rio de Janeiro, o ator chegou a apresentar sinais de melhora, mas devido ao agravamento do quadro cl\u00ednico, &hellip;<\/p>\n","protected":false},"author":1,"featured_media":14385,"comment_status":"closed","ping_status":"closed","sticky":false,"template":"","format":"standard","meta":{"_jetpack_newsletter_access":"","_jetpack_dont_email_post_to_subs":false,"_jetpack_newsletter_tier_id":0,"_jetpack_memberships_contains_paywalled_content":false,"_jetpack_memberships_contains_paid_content":false,"footnotes":""},"categories":[1],"tags":[],"class_list":["post-14384","post","type-post","status-publish","format-standard","has-post-thumbnail","hentry","category-destaque"],"jetpack_sharing_enabled":true,"jetpack_featured_media_url":"","_links":{"self":[{"href":"https:\/\/www.oparanews.com.br\/index.php\/wp-json\/wp\/v2\/posts\/14384","targetHints":{"allow":["GET"]}}],"collection":[{"href":"https:\/\/www.oparanews.com.br\/index.php\/wp-json\/wp\/v2\/posts"}],"about":[{"href":"https:\/\/www.oparanews.com.br\/index.php\/wp-json\/wp\/v2\/types\/post"}],"author":[{"embeddable":true,"href":"https:\/\/www.oparanews.com.br\/index.php\/wp-json\/wp\/v2\/users\/1"}],"replies":[{"embeddable":true,"href":"https:\/\/www.oparanews.com.br\/index.php\/wp-json\/wp\/v2\/comments?post=14384"}],"version-history":[{"count":0,"href":"https:\/\/www.oparanews.com.br\/index.php\/wp-json\/wp\/v2\/posts\/14384\/revisions"}],"wp:attachment":[{"href":"https:\/\/www.oparanews.com.br\/index.php\/wp-json\/wp\/v2\/media?parent=14384"}],"wp:term":[{"taxonomy":"category","embeddable":true,"href":"https:\/\/www.oparanews.com.br\/index.php\/wp-json\/wp\/v2\/categories?post=14384"},{"taxonomy":"post_tag","embeddable":true,"href":"https:\/\/www.oparanews.com.br\/index.php\/wp-json\/wp\/v2\/tags?post=14384"}],"curies":[{"name":"wp","href":"https:\/\/api.w.org\/{rel}","templated":true}]}}