{"id":14393,"date":"2021-04-04T14:11:12","date_gmt":"2021-04-04T14:11:12","guid":{"rendered":"https:\/\/oparanews.com.br\/?p=14393"},"modified":"2021-04-04T14:11:12","modified_gmt":"2021-04-04T14:11:12","slug":"em-bencao-de-pascoa-papa-cobra-acesso-universal-a-vacinas","status":"publish","type":"post","link":"https:\/\/www.oparanews.com.br\/index.php\/2021\/04\/04\/em-bencao-de-pascoa-papa-cobra-acesso-universal-a-vacinas\/","title":{"rendered":"Papa cobra acesso universal a vacinas"},"content":{"rendered":"<p>O papa Francisco voltou a cobrar neste domingo (4) que a comunidade internacional se empenhe para superar os atrasos na distribui\u00e7\u00e3o de vacinas anti-Covid e para compartilh\u00e1-las com os pa\u00edses mais pobres.<\/p>\n<p>Em sua b\u00ean\u00e7\u00e3o &#8220;Urbi et Orbi&#8221; (&#8220;\u00c0 cidade e ao mundo&#8221;), realizada nos dias de P\u00e1scoa e Natal, o l\u00edder da Igreja Cat\u00f3lica disse que todos, &#8220;sobretudo as pessoas mais fr\u00e1geis&#8221;, t\u00eam direito aos tratamentos contra o novo coronav\u00edrus e que as vacinas &#8220;constituem um instrumento essencial&#8221; na luta contra a pandemia.<\/p>\n<p>&#8220;No esp\u00edrito de um &#8216;internacionalismo das vacinas&#8217;, exorto toda a comunidade internacional a um empenho compartilhado para superar os atrasos em sua distribui\u00e7\u00e3o e favorecer seu compartilhamento, especialmente com os pa\u00edses mais pobres&#8221;, disse.<\/p>\n<p>Segundo o portal Our World in Data, j\u00e1 foram aplicadas cerca de 650 milh\u00f5es de doses de vacinas anti-Covid no mundo, mas quase 70% est\u00e3o concentradas na Europa, na Am\u00e9rica do Norte e na China. A \u00c1frica, que tem 15% da popula\u00e7\u00e3o do planeta, responde por menos de 2% das doses administradas at\u00e9 o momento.<\/p>\n<p>Em sua b\u00ean\u00e7\u00e3o de P\u00e1scoa, Francisco tamb\u00e9m disse que a pandemia, ainda em &#8220;pleno curso&#8221;, provocou uma crise econ\u00f4mica e social &#8220;muito pesada&#8221; e &#8220;aumentou dramaticamente o n\u00famero de pobres e o desespero de milhares de pessoas&#8221;. &#8220;Apesar disso &#8211; e \u00e9 escandaloso &#8211; n\u00e3o param os conflitos armados e se refor\u00e7am os arsenais militares&#8221;, acrescentou.<\/p>\n<p>Al\u00e9m disso, o Papa lamentou as limita\u00e7\u00f5es de culto impostas em v\u00e1rios pa\u00edses para coibir aglomera\u00e7\u00f5es e frear a dissemina\u00e7\u00e3o do novo coronav\u00edrus. &#8220;Rezemos para que tais limita\u00e7\u00f5es, como qualquer limita\u00e7\u00e3o \u00e0 liberdade de culto e religi\u00e3o no mundo, possam ser removidas e que a cada um seja permitido rezar e louvar a Deus livremente&#8221;, disse.<\/p>\n<p><strong>Crises internacionais<\/strong><\/p>\n<p>Como de h\u00e1bito na b\u00ean\u00e7\u00e3o &#8220;Urbi et Orbi&#8221;, o l\u00edder da Igreja Cat\u00f3lica mencionou algumas das principais crises em curso no planeta, do Haiti a Myanmar, passando por pa\u00edses como S\u00edria, Iraque, I\u00eamen e Ucr\u00e2nia.<\/p>\n<p>&#8220;Meu pensamento e encorajamento v\u00e3o ao caro povo haitiano, para que ele n\u00e3o se sinta sobrecarregado com as dificuldades, mas sim olhe ao futuro com confian\u00e7a e esperan\u00e7a&#8221;, declarou Francisco, acrescentando que deseja que os problemas do pa\u00eds se resolvam &#8220;definitivamente&#8221;.<\/p>\n<p>O Haiti, um dos pa\u00edses mais pobres do mundo, vive mais uma crise pol\u00edtica e registra protestos recorrentes contra o presidente Jovenel Moise. Jorge Bergoglio tamb\u00e9m citou os &#8220;jovens de Myanmar que se empenham pela democracia, fazendo ouvir pacificamente a pr\u00f3pria voz, cientes de que o \u00f3dio pode ser dissipado apenas pelo amor&#8221;.<\/p>\n<p>O pa\u00eds asi\u00e1tico foi chacoalhado por um golpe de Estado no in\u00edcio de fevereiro e j\u00e1 tem mais de 550 mortos em protestos contra o regime instaurado pelos militares.<\/p>\n<p>Francisco ainda aproveitou a ocasi\u00e3o para pedir paz na &#8220;amada e martirizada S\u00edria&#8221;; no I\u00eamen, cujo conflito \u00e9 &#8220;circundado por um sil\u00eancio ensurdecedor e escandaloso&#8221;; e na L\u00edbia, onde, com o novo governo de uni\u00e3o nacional, &#8220;finalmente se v\u00ea uma via de sa\u00edda para uma d\u00e9cada de combates sangrentos&#8221;.<\/p>\n<p>&#8220;Que todas as partes envolvidas se empenhem efetivamente para interromper os conflitos e permitir aos povos exaustos pela guerra que vivam em paz e iniciem a reconstru\u00e7\u00e3o de seus respectivos pa\u00edses&#8221;, declarou.<\/p>\n<p>Al\u00e9m disso, o pont\u00edfice voltou a defender a solu\u00e7\u00e3o dos dois Estados para o conflito entre Israel e Palestina e desejou que o Iraque, pa\u00eds que o recebeu no in\u00edcio de mar\u00e7o para uma visita in\u00e9dita, &#8220;possa continuar no caminho de pacifica\u00e7\u00e3o para que se realize o sonho de Deus de uma fam\u00edlia humana hospitaleira e acolhedora com todos os seus filhos&#8221;.<\/p>\n<p>Francisco ainda orou por apoio \u00e0s &#8220;popula\u00e7\u00f5es africanas que veem o pr\u00f3prio futuro comprometido por viol\u00eancias internas e pelo terrorismo internacional, especialmente no Sahel e na Nig\u00e9ria, bem como nas regi\u00f5es de Tigr\u00e9 [na Eti\u00f3pia] e Cabo Delgado [em Mo\u00e7ambique]&#8221;.<\/p>\n<p>J\u00e1 no fim da b\u00ean\u00e7\u00e3o, o Papa pediu que os prisioneiros dos conflitos, especialmente na Ucr\u00e2nia oriental, que vive uma escalada de tens\u00e3o nas \u00faltimas semanas, e em Nagorno-Karabakh, territ\u00f3rio disputado por Arm\u00eania e Azerbaij\u00e3o, &#8220;possam retornar s\u00e3os e salvos \u00e0s pr\u00f3prias fam\u00edlias&#8221;.<\/p>\n<p>Jorge Bergoglio ainda lembrou dos refugiados e agradeceu aos pa\u00edses que os &#8220;acolhem com generosidade, especialmente o L\u00edbano e a Jord\u00e2nia, que hospedam muit\u00edssimos deslocados que fugiram do conflito s\u00edrio&#8221;. Francisco tamb\u00e9m desejou &#8220;consola\u00e7\u00e3o&#8221; ao povo liban\u00eas, que &#8220;atravessa um per\u00edodo de dificuldade e incertezas&#8221;, e cobrou ajuda da comunidade internacional para apoiar a voca\u00e7\u00e3o do pa\u00eds de ser uma &#8220;terra de encontro, conviv\u00eancia e pluralismo&#8221;.<\/p>\n<p>Em sua viagem de retorno do Iraque, em 8 de mar\u00e7o, o Papa havia afirmado que o L\u00edbano seria um de seus pr\u00f3ximos destinos internacionais, por\u00e9m ainda n\u00e3o h\u00e1 data para a visita.<\/p>\n<p>&nbsp;<\/p>\n<p><strong>Fonte: Terra<\/strong><\/p>\n<p>&nbsp;<\/p>\n","protected":false},"excerpt":{"rendered":"<p>O papa Francisco voltou a cobrar neste domingo (4) que a comunidade internacional se empenhe para superar os atrasos na distribui\u00e7\u00e3o de vacinas anti-Covid e para compartilh\u00e1-las com os pa\u00edses mais pobres. Em sua b\u00ean\u00e7\u00e3o &#8220;Urbi et Orbi&#8221; (&#8220;\u00c0 cidade e ao mundo&#8221;), realizada nos dias de P\u00e1scoa e Natal, o l\u00edder da Igreja Cat\u00f3lica &hellip;<\/p>\n","protected":false},"author":1,"featured_media":14394,"comment_status":"closed","ping_status":"closed","sticky":false,"template":"","format":"standard","meta":{"_jetpack_newsletter_access":"","_jetpack_dont_email_post_to_subs":false,"_jetpack_newsletter_tier_id":0,"_jetpack_memberships_contains_paywalled_content":false,"_jetpack_memberships_contains_paid_content":false,"footnotes":""},"categories":[1],"tags":[],"class_list":["post-14393","post","type-post","status-publish","format-standard","has-post-thumbnail","hentry","category-destaque"],"jetpack_sharing_enabled":true,"jetpack_featured_media_url":"","_links":{"self":[{"href":"https:\/\/www.oparanews.com.br\/index.php\/wp-json\/wp\/v2\/posts\/14393","targetHints":{"allow":["GET"]}}],"collection":[{"href":"https:\/\/www.oparanews.com.br\/index.php\/wp-json\/wp\/v2\/posts"}],"about":[{"href":"https:\/\/www.oparanews.com.br\/index.php\/wp-json\/wp\/v2\/types\/post"}],"author":[{"embeddable":true,"href":"https:\/\/www.oparanews.com.br\/index.php\/wp-json\/wp\/v2\/users\/1"}],"replies":[{"embeddable":true,"href":"https:\/\/www.oparanews.com.br\/index.php\/wp-json\/wp\/v2\/comments?post=14393"}],"version-history":[{"count":0,"href":"https:\/\/www.oparanews.com.br\/index.php\/wp-json\/wp\/v2\/posts\/14393\/revisions"}],"wp:attachment":[{"href":"https:\/\/www.oparanews.com.br\/index.php\/wp-json\/wp\/v2\/media?parent=14393"}],"wp:term":[{"taxonomy":"category","embeddable":true,"href":"https:\/\/www.oparanews.com.br\/index.php\/wp-json\/wp\/v2\/categories?post=14393"},{"taxonomy":"post_tag","embeddable":true,"href":"https:\/\/www.oparanews.com.br\/index.php\/wp-json\/wp\/v2\/tags?post=14393"}],"curies":[{"name":"wp","href":"https:\/\/api.w.org\/{rel}","templated":true}]}}