{"id":14403,"date":"2021-04-04T21:36:55","date_gmt":"2021-04-04T21:36:55","guid":{"rendered":"https:\/\/oparanews.com.br\/?p=14403"},"modified":"2021-04-04T21:36:55","modified_gmt":"2021-04-04T21:36:55","slug":"arapiraca-inicia-vacinacao-dos-profissionais-da-educacao-na-quinta-feira-8","status":"publish","type":"post","link":"https:\/\/www.oparanews.com.br\/index.php\/2021\/04\/04\/arapiraca-inicia-vacinacao-dos-profissionais-da-educacao-na-quinta-feira-8\/","title":{"rendered":"Arapiraca inicia vacina\u00e7\u00e3o dos profissionais da Educa\u00e7\u00e3o na quinta-feira (8)"},"content":{"rendered":"<p>O prefeito Luciano Barbosa anunciou, na tarde deste domingo de P\u00e1scoa (4), nas redes sociais, que a Secretaria Municipal de Sa\u00fade iniciar\u00e1, a partir desta quinta-feira (8), a vacina\u00e7\u00e3o de todos os profissionais da Educa\u00e7\u00e3o.<\/p>\n<p>Ainda de acordo com o prefeito, o cronograma come\u00e7a pelos profissionais que trabalham nas creches, pr\u00e9-escola, Ensino Fundamental 1, Ensino Fundamental 2, e depois os servidores da Educa\u00e7\u00e3o de n\u00edvel m\u00e9dio e n\u00edvel superior.<\/p>\n<p>\u201cNingu\u00e9m tem d\u00favida de que nessa pandemia os profissionais da sa\u00fade s\u00e3o os que s\u00e3o mais demandados para superar o momento, mas ningu\u00e9m \u00e9 mais prejudicado nessa pandemia do que nossa juventude, pela falta de acesso \u00e0 educa\u00e7\u00e3o. Nesse sentido, a educa\u00e7\u00e3o, e, sobretudo a educa\u00e7\u00e3o p\u00fablica, que atende as comunidades mais vulner\u00e1veis, \u00e9 a mais prejudicada. Portanto, decidimos, tendo em vista a quantidade de vacinas, inserir a partir de quinta- feira, os profissionais da educa\u00e7\u00e3o para serem vacinados\u201d, afirmou Luciano Barbosa.<\/p>\n<p>&nbsp;<\/p>\n<p><strong>Fonte: Assessoria<\/strong><\/p>\n<p>&nbsp;<\/p>\n","protected":false},"excerpt":{"rendered":"<p>O prefeito Luciano Barbosa anunciou, na tarde deste domingo de P\u00e1scoa (4), nas redes sociais, que a Secretaria Municipal de Sa\u00fade iniciar\u00e1, a partir desta quinta-feira (8), a vacina\u00e7\u00e3o de todos os profissionais da Educa\u00e7\u00e3o. Ainda de acordo com o prefeito, o cronograma come\u00e7a pelos profissionais que trabalham nas creches, pr\u00e9-escola, Ensino Fundamental 1, Ensino &hellip;<\/p>\n","protected":false},"author":1,"featured_media":14404,"comment_status":"closed","ping_status":"closed","sticky":false,"template":"","format":"standard","meta":{"_jetpack_newsletter_access":"","_jetpack_dont_email_post_to_subs":false,"_jetpack_newsletter_tier_id":0,"_jetpack_memberships_contains_paywalled_content":false,"_jetpack_memberships_contains_paid_content":false,"footnotes":""},"categories":[1],"tags":[],"class_list":["post-14403","post","type-post","status-publish","format-standard","has-post-thumbnail","hentry","category-destaque"],"jetpack_sharing_enabled":true,"jetpack_featured_media_url":"","_links":{"self":[{"href":"https:\/\/www.oparanews.com.br\/index.php\/wp-json\/wp\/v2\/posts\/14403","targetHints":{"allow":["GET"]}}],"collection":[{"href":"https:\/\/www.oparanews.com.br\/index.php\/wp-json\/wp\/v2\/posts"}],"about":[{"href":"https:\/\/www.oparanews.com.br\/index.php\/wp-json\/wp\/v2\/types\/post"}],"author":[{"embeddable":true,"href":"https:\/\/www.oparanews.com.br\/index.php\/wp-json\/wp\/v2\/users\/1"}],"replies":[{"embeddable":true,"href":"https:\/\/www.oparanews.com.br\/index.php\/wp-json\/wp\/v2\/comments?post=14403"}],"version-history":[{"count":0,"href":"https:\/\/www.oparanews.com.br\/index.php\/wp-json\/wp\/v2\/posts\/14403\/revisions"}],"wp:attachment":[{"href":"https:\/\/www.oparanews.com.br\/index.php\/wp-json\/wp\/v2\/media?parent=14403"}],"wp:term":[{"taxonomy":"category","embeddable":true,"href":"https:\/\/www.oparanews.com.br\/index.php\/wp-json\/wp\/v2\/categories?post=14403"},{"taxonomy":"post_tag","embeddable":true,"href":"https:\/\/www.oparanews.com.br\/index.php\/wp-json\/wp\/v2\/tags?post=14403"}],"curies":[{"name":"wp","href":"https:\/\/api.w.org\/{rel}","templated":true}]}}