{"id":14409,"date":"2021-04-05T13:18:30","date_gmt":"2021-04-05T13:18:30","guid":{"rendered":"https:\/\/oparanews.com.br\/?p=14409"},"modified":"2021-04-05T13:18:30","modified_gmt":"2021-04-05T13:18:30","slug":"jair-ventura-e-demitido-do-sport-apos-goleada","status":"publish","type":"post","link":"https:\/\/www.oparanews.com.br\/index.php\/2021\/04\/05\/jair-ventura-e-demitido-do-sport-apos-goleada\/","title":{"rendered":"Jair Ventura \u00e9 demitido do Sport ap\u00f3s goleada"},"content":{"rendered":"<p>Depois de um in\u00edcio conturbado na temporada 2021, o t\u00e9cnico Jair Ventura n\u00e3o resistiu \u00e0 goleada para o Cear\u00e1 e foi demitido do Sport. O an\u00fancio foi feito na manh\u00e3 desta segunda-feira. A \u00faltima partida do comandante aconteceu no \u00faltimo s\u00e1bado, quando o Rubro-negro perdeu por 4 a 0 para o Voz\u00e3o e foi eliminado na fase de grupos da Copa do Nordeste.<\/p>\n<p>Contratado em agosto do ano passado, o treinador acumulou 45 partidas na Ilha do Retiro, sendo que esteve fora da \u00e1rea t\u00e9cnica em mais uma ocasi\u00e3o &#8211; por motivos que v\u00e3o desde suspens\u00e3o at\u00e9 caso de Covid-19. Os auxiliares C\u00e9sar Lucena e Em\u00edlio Faro, al\u00e9m do t\u00e9cnico do Sub-20, Ricardo Severo, passaram pela condu\u00e7\u00e3o do time nas ocasi\u00f5es.<\/p>\n<p>Ap\u00f3s o an\u00fancio da demiss\u00e3o, o treinador escreveu um texto em suas redes sociais, agradecendo o apoio da torcida ao longo dos sete meses de trabalho.<\/p>\n<p>&#8220;Vivi e vi muitos gestos de extremo carinho comigo e minha equipe: tatuagem com meu rosto, as manifesta\u00e7\u00f5es pelas redes sociais e muitos, mas muitos gestos de enorme cumplicidade com nosso trabalho. Valeu torcedor do Sport por cada momento, vou levar todas essas lembran\u00e7as para sempre&#8221;.<\/p>\n<p>Neste per\u00edodo, foram 14 vit\u00f3rias, oito empates e 23 derrotas entre o Brasileir\u00e3o 2020, al\u00e9m de Copa do Brasil, Copa do Nordeste e Pernambucano 2021, com um aproveitamento de 37%.<\/p>\n<p>Como grande feito na Ilha do Retiro, que lhe valeu uma renova\u00e7\u00e3o de contrato em fevereiro, Jair comandou o Sport na campanha que garantiu a perman\u00eancia na S\u00e9rie A do Brasileiro. Entretanto, terminou eliminado na primeira fase da Copa do Brasil e da Copa do Nordeste 2021.<\/p>\n<p>&nbsp;<\/p>\n<p><strong>Fonte: GE<\/strong><\/p>\n<p>&nbsp;<\/p>\n","protected":false},"excerpt":{"rendered":"<p>Depois de um in\u00edcio conturbado na temporada 2021, o t\u00e9cnico Jair Ventura n\u00e3o resistiu \u00e0 goleada para o Cear\u00e1 e foi demitido do Sport. O an\u00fancio foi feito na manh\u00e3 desta segunda-feira. A \u00faltima partida do comandante aconteceu no \u00faltimo s\u00e1bado, quando o Rubro-negro perdeu por 4 a 0 para o Voz\u00e3o e foi eliminado &hellip;<\/p>\n","protected":false},"author":1,"featured_media":14410,"comment_status":"closed","ping_status":"closed","sticky":false,"template":"","format":"standard","meta":{"_jetpack_newsletter_access":"","_jetpack_dont_email_post_to_subs":false,"_jetpack_newsletter_tier_id":0,"_jetpack_memberships_contains_paywalled_content":false,"_jetpack_memberships_contains_paid_content":false,"footnotes":""},"categories":[1],"tags":[],"class_list":["post-14409","post","type-post","status-publish","format-standard","has-post-thumbnail","hentry","category-destaque"],"jetpack_sharing_enabled":true,"jetpack_featured_media_url":"","_links":{"self":[{"href":"https:\/\/www.oparanews.com.br\/index.php\/wp-json\/wp\/v2\/posts\/14409","targetHints":{"allow":["GET"]}}],"collection":[{"href":"https:\/\/www.oparanews.com.br\/index.php\/wp-json\/wp\/v2\/posts"}],"about":[{"href":"https:\/\/www.oparanews.com.br\/index.php\/wp-json\/wp\/v2\/types\/post"}],"author":[{"embeddable":true,"href":"https:\/\/www.oparanews.com.br\/index.php\/wp-json\/wp\/v2\/users\/1"}],"replies":[{"embeddable":true,"href":"https:\/\/www.oparanews.com.br\/index.php\/wp-json\/wp\/v2\/comments?post=14409"}],"version-history":[{"count":0,"href":"https:\/\/www.oparanews.com.br\/index.php\/wp-json\/wp\/v2\/posts\/14409\/revisions"}],"wp:attachment":[{"href":"https:\/\/www.oparanews.com.br\/index.php\/wp-json\/wp\/v2\/media?parent=14409"}],"wp:term":[{"taxonomy":"category","embeddable":true,"href":"https:\/\/www.oparanews.com.br\/index.php\/wp-json\/wp\/v2\/categories?post=14409"},{"taxonomy":"post_tag","embeddable":true,"href":"https:\/\/www.oparanews.com.br\/index.php\/wp-json\/wp\/v2\/tags?post=14409"}],"curies":[{"name":"wp","href":"https:\/\/api.w.org\/{rel}","templated":true}]}}