{"id":14418,"date":"2021-04-05T13:33:36","date_gmt":"2021-04-05T13:33:36","guid":{"rendered":"https:\/\/oparanews.com.br\/?p=14418"},"modified":"2021-04-05T13:33:36","modified_gmt":"2021-04-05T13:33:36","slug":"danilo-gentili-assusta-fas-ao-aparecer-com-rosto-deformado","status":"publish","type":"post","link":"https:\/\/www.oparanews.com.br\/index.php\/2021\/04\/05\/danilo-gentili-assusta-fas-ao-aparecer-com-rosto-deformado\/","title":{"rendered":"Danilo Gentili assusta f\u00e3s ao aparecer com rosto deformado"},"content":{"rendered":"<p>Danilo Gentili preocupou os f\u00e3s ao aparecer nas redes sociais com o rosto totalmente deformado. O apresentador revelou que viveu momentos de tens\u00e3o ap\u00f3s ter sofrido uma rea\u00e7\u00e3o al\u00e9rgica por medicamento durante o domingo de P\u00e1scoa.<\/p>\n<p>Gentili ainda contou que al\u00e9m do rosto, ele tamb\u00e9m teve a traqueia inchada e quase precisou ser intubado e por n\u00e3o poder tomar rem\u00e9dios, poderia ter ido a \u00f3bito. No v\u00eddeo, Gentili aproveitou para fazer uma reflex\u00e3o sobre a P\u00e1scoa e falou sobre Jesus Cristo.<\/p>\n<p>\u201cEu passei por maus bocados nesta P\u00e1scoa, mas gra\u00e7as a Deus est\u00e1 tudo bem agora, est\u00e1 tudo em paz. Mas, por acidente eu tomei uma medica\u00e7\u00e3o que eu n\u00e3o podia e eu sou al\u00e9rgico e come\u00e7ou a dar choque anafil\u00e1tico, meus olhos come\u00e7aram a inchar muito, minha traqueia come\u00e7ou a inchar muito\u201d, iniciou ele.<\/p>\n<p>&nbsp;<\/p>\n<p><strong>Fonte: ISTO\u00c9<\/strong><\/p>\n<p>&nbsp;<\/p>\n","protected":false},"excerpt":{"rendered":"<p>Danilo Gentili preocupou os f\u00e3s ao aparecer nas redes sociais com o rosto totalmente deformado. O apresentador revelou que viveu momentos de tens\u00e3o ap\u00f3s ter sofrido uma rea\u00e7\u00e3o al\u00e9rgica por medicamento durante o domingo de P\u00e1scoa. Gentili ainda contou que al\u00e9m do rosto, ele tamb\u00e9m teve a traqueia inchada e quase precisou ser intubado e &hellip;<\/p>\n","protected":false},"author":1,"featured_media":14419,"comment_status":"closed","ping_status":"closed","sticky":false,"template":"","format":"standard","meta":{"_jetpack_newsletter_access":"","_jetpack_dont_email_post_to_subs":false,"_jetpack_newsletter_tier_id":0,"_jetpack_memberships_contains_paywalled_content":false,"_jetpack_memberships_contains_paid_content":false,"footnotes":""},"categories":[1],"tags":[],"class_list":["post-14418","post","type-post","status-publish","format-standard","has-post-thumbnail","hentry","category-destaque"],"jetpack_sharing_enabled":true,"jetpack_featured_media_url":"","_links":{"self":[{"href":"https:\/\/www.oparanews.com.br\/index.php\/wp-json\/wp\/v2\/posts\/14418","targetHints":{"allow":["GET"]}}],"collection":[{"href":"https:\/\/www.oparanews.com.br\/index.php\/wp-json\/wp\/v2\/posts"}],"about":[{"href":"https:\/\/www.oparanews.com.br\/index.php\/wp-json\/wp\/v2\/types\/post"}],"author":[{"embeddable":true,"href":"https:\/\/www.oparanews.com.br\/index.php\/wp-json\/wp\/v2\/users\/1"}],"replies":[{"embeddable":true,"href":"https:\/\/www.oparanews.com.br\/index.php\/wp-json\/wp\/v2\/comments?post=14418"}],"version-history":[{"count":0,"href":"https:\/\/www.oparanews.com.br\/index.php\/wp-json\/wp\/v2\/posts\/14418\/revisions"}],"wp:attachment":[{"href":"https:\/\/www.oparanews.com.br\/index.php\/wp-json\/wp\/v2\/media?parent=14418"}],"wp:term":[{"taxonomy":"category","embeddable":true,"href":"https:\/\/www.oparanews.com.br\/index.php\/wp-json\/wp\/v2\/categories?post=14418"},{"taxonomy":"post_tag","embeddable":true,"href":"https:\/\/www.oparanews.com.br\/index.php\/wp-json\/wp\/v2\/tags?post=14418"}],"curies":[{"name":"wp","href":"https:\/\/api.w.org\/{rel}","templated":true}]}}