{"id":14421,"date":"2021-04-05T14:25:46","date_gmt":"2021-04-05T14:25:46","guid":{"rendered":"https:\/\/oparanews.com.br\/?p=14421"},"modified":"2021-04-05T14:25:46","modified_gmt":"2021-04-05T14:25:46","slug":"prefeitura-de-penedo-vacina-profissionais-de-saude-autonomos-com-35-anos-ou-mais","status":"publish","type":"post","link":"https:\/\/www.oparanews.com.br\/index.php\/2021\/04\/05\/prefeitura-de-penedo-vacina-profissionais-de-saude-autonomos-com-35-anos-ou-mais\/","title":{"rendered":"Prefeitura de Penedo vacina profissionais de sa\u00fade aut\u00f4nomos com 35 anos ou mais"},"content":{"rendered":"<p>Profissionais de sa\u00fade aut\u00f4nomos com 35 anos de idade ou mais que est\u00e3o trabalhando em Penedo recebem nesta segunda-feira, 05, a primeira dose de vacina contra Covid-19.<\/p>\n<p>O grupo priorit\u00e1rio ser\u00e1 inclu\u00eddo na campanha de imuniza\u00e7\u00e3o a partir das 13 horas, na Central de Vacina\u00e7\u00e3o mantida pela Secretaria Municipal de Sa\u00fade (SEMS) na Escola Estadual Ernani M\u00e9ro.<\/p>\n<p>Para ser imunizado, o profissional de sa\u00fade aut\u00f4nomo precisa ter v\u00ednculo ativo em sua \u00e1rea de atua\u00e7\u00e3o, comprovada com declara\u00e7\u00e3o do empregador, CNPJ ou c\u00f3pia da carteira de trabalho.<\/p>\n<p>A SEMS Penedo ressalta que apenas a apresenta\u00e7\u00e3o do diploma n\u00e3o comprova v\u00ednculo ativo.<\/p>\n<p>De acordo com o Minist\u00e9rio da Sa\u00fade, profissionais de sa\u00fade aut\u00f4nomos s\u00e3o as seguintes categorias: m\u00e9dicos, enfermeiros, nutricionistas, fisioterapeutas, odont\u00f3logos, psic\u00f3logos, agentes comunit\u00e1rios de sa\u00fade, agentes de combate \u00e0s endemias, profissionais da vigil\u00e2ncia em sa\u00fade.<\/p>\n<p>Est\u00e3o inclu\u00eddos t\u00e9cnicos, auxiliares e trabalhadores de apoio (recepcionistas, seguran\u00e7a, limpeza, cozinheiro e gestores).<\/p>\n<p>Tamb\u00e9m se enquadram no grupo priorit\u00e1rio previsto no protocolo nacional trabalhadores de laborat\u00f3rios de an\u00e1lises cl\u00ednicas; farm\u00e1cias e drogarias; trabalhadores de empresa de servi\u00e7o funer\u00e1rio; de cemit\u00e9rios; cuidador de idoso; doulas; parteiras; terapeuta ocupacional; bi\u00f3logos; biom\u00e9dicos; fonoaudi\u00f3logos; assistentes sociais; profissionais de Educa\u00e7\u00e3o F\u00edsica; m\u00e9dicos veterin\u00e1rios; e acad\u00eamico em est\u00e1gios curriculares ou extracurriculares, desde que estejam atuando no munic\u00edpio de Penedo.<\/p>\n<p>&nbsp;<\/p>\n<p><strong>Fonte: Decom &#8211; PMP<br \/>\n<\/strong><\/p>\n<p>&nbsp;<\/p>\n","protected":false},"excerpt":{"rendered":"<p>Profissionais de sa\u00fade aut\u00f4nomos com 35 anos de idade ou mais que est\u00e3o trabalhando em Penedo recebem nesta segunda-feira, 05, a primeira dose de vacina contra Covid-19. O grupo priorit\u00e1rio ser\u00e1 inclu\u00eddo na campanha de imuniza\u00e7\u00e3o a partir das 13 horas, na Central de Vacina\u00e7\u00e3o mantida pela Secretaria Municipal de Sa\u00fade (SEMS) na Escola Estadual &hellip;<\/p>\n","protected":false},"author":1,"featured_media":14422,"comment_status":"closed","ping_status":"closed","sticky":false,"template":"","format":"standard","meta":{"_jetpack_newsletter_access":"","_jetpack_dont_email_post_to_subs":false,"_jetpack_newsletter_tier_id":0,"_jetpack_memberships_contains_paywalled_content":false,"_jetpack_memberships_contains_paid_content":false,"footnotes":""},"categories":[1],"tags":[],"class_list":["post-14421","post","type-post","status-publish","format-standard","has-post-thumbnail","hentry","category-destaque"],"jetpack_sharing_enabled":true,"jetpack_featured_media_url":"","_links":{"self":[{"href":"https:\/\/www.oparanews.com.br\/index.php\/wp-json\/wp\/v2\/posts\/14421","targetHints":{"allow":["GET"]}}],"collection":[{"href":"https:\/\/www.oparanews.com.br\/index.php\/wp-json\/wp\/v2\/posts"}],"about":[{"href":"https:\/\/www.oparanews.com.br\/index.php\/wp-json\/wp\/v2\/types\/post"}],"author":[{"embeddable":true,"href":"https:\/\/www.oparanews.com.br\/index.php\/wp-json\/wp\/v2\/users\/1"}],"replies":[{"embeddable":true,"href":"https:\/\/www.oparanews.com.br\/index.php\/wp-json\/wp\/v2\/comments?post=14421"}],"version-history":[{"count":0,"href":"https:\/\/www.oparanews.com.br\/index.php\/wp-json\/wp\/v2\/posts\/14421\/revisions"}],"wp:attachment":[{"href":"https:\/\/www.oparanews.com.br\/index.php\/wp-json\/wp\/v2\/media?parent=14421"}],"wp:term":[{"taxonomy":"category","embeddable":true,"href":"https:\/\/www.oparanews.com.br\/index.php\/wp-json\/wp\/v2\/categories?post=14421"},{"taxonomy":"post_tag","embeddable":true,"href":"https:\/\/www.oparanews.com.br\/index.php\/wp-json\/wp\/v2\/tags?post=14421"}],"curies":[{"name":"wp","href":"https:\/\/api.w.org\/{rel}","templated":true}]}}