{"id":14424,"date":"2021-04-05T14:37:06","date_gmt":"2021-04-05T14:37:06","guid":{"rendered":"https:\/\/oparanews.com.br\/?p=14424"},"modified":"2021-04-05T14:37:06","modified_gmt":"2021-04-05T14:37:06","slug":"mariah-carey-fica-tensa-ao-receber-a-vacina-contra-a-covid-19","status":"publish","type":"post","link":"https:\/\/www.oparanews.com.br\/index.php\/2021\/04\/05\/mariah-carey-fica-tensa-ao-receber-a-vacina-contra-a-covid-19\/","title":{"rendered":"Mariah Carey fica tensa ao receber a vacina contra a covid-19"},"content":{"rendered":"<p>Mariah Carey, 52, postou em suas redes sociais o v\u00eddeo do momento em que recebeu a primeira dose da vacina contra covid-19 no s\u00e1bado, 3, nos Estados Unidos. Nervosa por causa da inje\u00e7\u00e3o, a cantora soltou uma nota aguda no momento da picada.<\/p>\n<p>&#8220;Eles est\u00e3o aqui com um discurso m\u00e9dico. Eu estou ansiosa, mas um pouco nervosa de tomar essa inje\u00e7\u00e3o&#8221;, come\u00e7ou Mariah, se aprontando para receber a vacina e afirmando que a equipe estava fazendo uma distra\u00e7\u00e3o para ela. &#8220;Voc\u00eas sabem como eu sou, estou apenas falando para n\u00e3o prestar aten\u00e7\u00e3o nisso&#8221;.<\/p>\n<p>&#8220;Estou tentando encorajar as pessoas, voc\u00eas sabem que ainda estamos nessa batalha juntos&#8221;, disse a artista. Em seguida, Mariah Carey recebeu a inje\u00e7\u00e3o e soltou um grito agudo, que faz jus \u00e0 sua fama. &#8220;\u00c9 apenas a primeira parte&#8221;.<\/p>\n<p>Olhando para o lugar da picada, a cantora brincou: &#8220;N\u00e3o tem sangue. Isso normal? Isso confirma a minha teoria de que eu sou uma vampira&#8221;.<\/p>\n<p>A diva norte-americana terminou o v\u00eddeo com uma mensagem para os seus seguidores. &#8220;Aqui estamos, esperando pelo melhor. Encorajo voc\u00eas a tomar [a vacina] assim que puderem&#8221;.<\/p>\n<p>&nbsp;<\/p>\n<p><strong>Fonte: Terra<\/strong><\/p>\n<p>&nbsp;<\/p>\n","protected":false},"excerpt":{"rendered":"<p>Mariah Carey, 52, postou em suas redes sociais o v\u00eddeo do momento em que recebeu a primeira dose da vacina contra covid-19 no s\u00e1bado, 3, nos Estados Unidos. Nervosa por causa da inje\u00e7\u00e3o, a cantora soltou uma nota aguda no momento da picada. &#8220;Eles est\u00e3o aqui com um discurso m\u00e9dico. Eu estou ansiosa, mas um &hellip;<\/p>\n","protected":false},"author":1,"featured_media":14425,"comment_status":"closed","ping_status":"closed","sticky":false,"template":"","format":"standard","meta":{"_jetpack_newsletter_access":"","_jetpack_dont_email_post_to_subs":false,"_jetpack_newsletter_tier_id":0,"_jetpack_memberships_contains_paywalled_content":false,"_jetpack_memberships_contains_paid_content":false,"footnotes":""},"categories":[1],"tags":[],"class_list":["post-14424","post","type-post","status-publish","format-standard","has-post-thumbnail","hentry","category-destaque"],"jetpack_sharing_enabled":true,"jetpack_featured_media_url":"","_links":{"self":[{"href":"https:\/\/www.oparanews.com.br\/index.php\/wp-json\/wp\/v2\/posts\/14424","targetHints":{"allow":["GET"]}}],"collection":[{"href":"https:\/\/www.oparanews.com.br\/index.php\/wp-json\/wp\/v2\/posts"}],"about":[{"href":"https:\/\/www.oparanews.com.br\/index.php\/wp-json\/wp\/v2\/types\/post"}],"author":[{"embeddable":true,"href":"https:\/\/www.oparanews.com.br\/index.php\/wp-json\/wp\/v2\/users\/1"}],"replies":[{"embeddable":true,"href":"https:\/\/www.oparanews.com.br\/index.php\/wp-json\/wp\/v2\/comments?post=14424"}],"version-history":[{"count":0,"href":"https:\/\/www.oparanews.com.br\/index.php\/wp-json\/wp\/v2\/posts\/14424\/revisions"}],"wp:attachment":[{"href":"https:\/\/www.oparanews.com.br\/index.php\/wp-json\/wp\/v2\/media?parent=14424"}],"wp:term":[{"taxonomy":"category","embeddable":true,"href":"https:\/\/www.oparanews.com.br\/index.php\/wp-json\/wp\/v2\/categories?post=14424"},{"taxonomy":"post_tag","embeddable":true,"href":"https:\/\/www.oparanews.com.br\/index.php\/wp-json\/wp\/v2\/tags?post=14424"}],"curies":[{"name":"wp","href":"https:\/\/api.w.org\/{rel}","templated":true}]}}