{"id":14430,"date":"2021-04-05T20:04:16","date_gmt":"2021-04-05T20:04:16","guid":{"rendered":"https:\/\/oparanews.com.br\/?p=14430"},"modified":"2021-04-05T20:04:16","modified_gmt":"2021-04-05T20:04:16","slug":"covid-19-imunizacao-tem-estabilizado-ocupacao-da-rede-hospitalar-diz-alexandre-ayres","status":"publish","type":"post","link":"https:\/\/www.oparanews.com.br\/index.php\/2021\/04\/05\/covid-19-imunizacao-tem-estabilizado-ocupacao-da-rede-hospitalar-diz-alexandre-ayres\/","title":{"rendered":"Covid-19: \u201cImuniza\u00e7\u00e3o tem estabilizado ocupa\u00e7\u00e3o da rede hospitalar\u201d, diz Alexandre Ayres"},"content":{"rendered":"<p>Em mais uma reuni\u00e3o on-line, coordenada pela Associa\u00e7\u00e3o dos Munic\u00edpios Alagoanos (AMA), o secret\u00e1rio de Estado da Sa\u00fade, Alexandre Ayres, voltou a tratar sobre o avan\u00e7o da imuniza\u00e7\u00e3o contra a Covid-19. No encontro com os gestores municipais, ocorrido nesta segunda-feira (5), ele destacou que j\u00e1 existe uma estabiliza\u00e7\u00e3o na ocupa\u00e7\u00e3o de leitos na Rede Hospitalar P\u00fablica, bem como, uma not\u00e1vel redu\u00e7\u00e3o no n\u00famero de casos.<\/p>\n<p>Para o titular da Secretaria de Estado da Sa\u00fade (Sesau), o atual cen\u00e1rio epidemiol\u00f3gico \u00e9 resultado da soma de esfor\u00e7os que vem sendo empreendida pelo Governo de Alagoas, com as medidas que retornaram o Estado \u00e0 Fase Vermelha de Distanciamento Social Controlado, em conjunto com o trabalho realizado pelos munic\u00edpios, que t\u00eam atuado na acelera\u00e7\u00e3o da vacina\u00e7\u00e3o.<\/p>\n<p>\u201cCom o esfor\u00e7o do Governo de Alagoas, com a parceria e apoio das prefeituras alagoanas, j\u00e1 estamos sentindo uma melhora significativa na vacina\u00e7\u00e3o contra a Covid-19. J\u00e1 estamos presenciando uma estabiliza\u00e7\u00e3o na ocupa\u00e7\u00e3o hospitalar na rede exclusiva que atende pacientes com a Covid-19, e os n\u00fameros de casos da doen\u00e7a continuam crescendo, mas, numa propor\u00e7\u00e3o muito menor a que identificamos h\u00e1 15 dias\u201d, informou o secret\u00e1rio Alexandre Ayres aos gestores municipais.<\/p>\n<p>Segundo boletim de leitos divulgado no domingo (4) pela Sesau, a ocupa\u00e7\u00e3o geral na Rede Hospitalar P\u00fablica para Covid-19 est\u00e1 em 57%. Alagoas conta com 1.338 leitos, sendo 370 de Unidade de Terapia Intensiva (UTI), 55 Intermedi\u00e1rios, 913 Cl\u00ednicos e 425 leitos est\u00e3o equipados com respiradores.<\/p>\n<p>Plano Estadual de Imuniza\u00e7\u00e3o \u2013 Alexandre Ayres refor\u00e7ou a necessidade de os munic\u00edpios alagoanos continuarem seguindo as recomenda\u00e7\u00f5es do Plano Estadual de Vacina\u00e7\u00e3o para que a imuniza\u00e7\u00e3o em Alagoas continue ocorrendo de forma organizada.<\/p>\n<p>\u201cAlgumas decis\u00f5es municipais podem trazer desequil\u00edbrios e atrapalhar o nosso objetivo final, que \u00e9 a imuniza\u00e7\u00e3o da nossa popula\u00e7\u00e3o. Nosso atual cen\u00e1rio de vacina\u00e7\u00e3o aponta que estamos finalizando a imuniza\u00e7\u00e3o dos idosos a partir de 60 anos\u201d, informou o secret\u00e1rio.<\/p>\n<p>&nbsp;<\/p>\n<p><strong>Fonte: Ag\u00eancia Alagoas<\/strong><\/p>\n<p>&nbsp;<\/p>\n","protected":false},"excerpt":{"rendered":"<p>Em mais uma reuni\u00e3o on-line, coordenada pela Associa\u00e7\u00e3o dos Munic\u00edpios Alagoanos (AMA), o secret\u00e1rio de Estado da Sa\u00fade, Alexandre Ayres, voltou a tratar sobre o avan\u00e7o da imuniza\u00e7\u00e3o contra a Covid-19. No encontro com os gestores municipais, ocorrido nesta segunda-feira (5), ele destacou que j\u00e1 existe uma estabiliza\u00e7\u00e3o na ocupa\u00e7\u00e3o de leitos na Rede Hospitalar &hellip;<\/p>\n","protected":false},"author":1,"featured_media":14431,"comment_status":"closed","ping_status":"closed","sticky":false,"template":"","format":"standard","meta":{"_jetpack_newsletter_access":"","_jetpack_dont_email_post_to_subs":false,"_jetpack_newsletter_tier_id":0,"_jetpack_memberships_contains_paywalled_content":false,"_jetpack_memberships_contains_paid_content":false,"footnotes":""},"categories":[1],"tags":[],"class_list":["post-14430","post","type-post","status-publish","format-standard","has-post-thumbnail","hentry","category-destaque"],"jetpack_sharing_enabled":true,"jetpack_featured_media_url":"","_links":{"self":[{"href":"https:\/\/www.oparanews.com.br\/index.php\/wp-json\/wp\/v2\/posts\/14430","targetHints":{"allow":["GET"]}}],"collection":[{"href":"https:\/\/www.oparanews.com.br\/index.php\/wp-json\/wp\/v2\/posts"}],"about":[{"href":"https:\/\/www.oparanews.com.br\/index.php\/wp-json\/wp\/v2\/types\/post"}],"author":[{"embeddable":true,"href":"https:\/\/www.oparanews.com.br\/index.php\/wp-json\/wp\/v2\/users\/1"}],"replies":[{"embeddable":true,"href":"https:\/\/www.oparanews.com.br\/index.php\/wp-json\/wp\/v2\/comments?post=14430"}],"version-history":[{"count":0,"href":"https:\/\/www.oparanews.com.br\/index.php\/wp-json\/wp\/v2\/posts\/14430\/revisions"}],"wp:attachment":[{"href":"https:\/\/www.oparanews.com.br\/index.php\/wp-json\/wp\/v2\/media?parent=14430"}],"wp:term":[{"taxonomy":"category","embeddable":true,"href":"https:\/\/www.oparanews.com.br\/index.php\/wp-json\/wp\/v2\/categories?post=14430"},{"taxonomy":"post_tag","embeddable":true,"href":"https:\/\/www.oparanews.com.br\/index.php\/wp-json\/wp\/v2\/tags?post=14430"}],"curies":[{"name":"wp","href":"https:\/\/api.w.org\/{rel}","templated":true}]}}