{"id":14433,"date":"2021-04-05T20:09:42","date_gmt":"2021-04-05T20:09:42","guid":{"rendered":"https:\/\/oparanews.com.br\/?p=14433"},"modified":"2021-04-05T20:09:42","modified_gmt":"2021-04-05T20:09:42","slug":"vacinas-sao-roubadas-no-rio-diz-secretaria-de-saude","status":"publish","type":"post","link":"https:\/\/www.oparanews.com.br\/index.php\/2021\/04\/05\/vacinas-sao-roubadas-no-rio-diz-secretaria-de-saude\/","title":{"rendered":"Vacinas s\u00e3o roubadas no Rio, diz Secretaria de Sa\u00fade"},"content":{"rendered":"<p>Cinco frascos da vacina CoronaVac contendo 10 doses cada foram roubados por um homem que invadiu um posto de sa\u00fade na zona norte do Rio de Janeiro, informou a Secretaria de Sa\u00fade da cidade nesta segunda-feira.<\/p>\n<p>Segundo a secretaria, um homem invadiu o posto de sa\u00fade no bairro de Col\u00e9gio na madrugada de domingo e levou, al\u00e9m dos frascos da vacina, um computador.<\/p>\n<p>&#8220;O arrombamento foi constatado pelo vigilante da unidade e confirmado pelas imagens do circuito interno, onde se observa que o homem chegou ao local por volta das 4h e permaneceu por cerca de 10 minutos. A pol\u00edcia foi chamada pela dire\u00e7\u00e3o da unidade, realizou per\u00edcia no local e seguir\u00e1 com as investiga\u00e7\u00f5es&#8221;, informou a Secretaria de Sa\u00fade do Rio em nota.<\/p>\n<p>A Pol\u00edcia Civil informou que a ocorr\u00eancia foi registrada e os agentes realizam dilig\u00eancias para identificar o autor e recuperar as vacinas furtadas. &#8220;Imagens de c\u00e2meras de seguran\u00e7a foram coletadas, a per\u00edcia foi realizada no local e testemunhas foram ouvidas&#8221;, afirmou a pol\u00edcia em nota.<\/p>\n<p>No m\u00eas passado, a pol\u00edcia de Natal informou que suspeitos armados levaram 20 doses de vacinas contra a Covid-19 de uma unidade b\u00e1sica de sa\u00fade da capital do Rio Grande do Norte.<\/p>\n<p>A vacina\u00e7\u00e3o contra a Covid-19 no pa\u00eds caminha em ritmo lento desde o in\u00edcio, em janeiro, devido \u00e0 escassez de doses, o que tem colaborado para o pior momento da pandemia no Brasil.<\/p>\n<p>De acordo com dados do Minist\u00e9rio da Sa\u00fade, 16,5 milh\u00f5es de pessoas foram vacinadas com a primeira dose, o equivalente a 7,8% da popula\u00e7\u00e3o. Apenas o grupo priorit\u00e1rio para a vacina\u00e7\u00e3o conta com quase 78 milh\u00f5es de pessoas.<\/p>\n<p>&nbsp;<\/p>\n<p><strong>Fonte: Terra<\/strong><\/p>\n<p>&nbsp;<\/p>\n","protected":false},"excerpt":{"rendered":"<p>Cinco frascos da vacina CoronaVac contendo 10 doses cada foram roubados por um homem que invadiu um posto de sa\u00fade na zona norte do Rio de Janeiro, informou a Secretaria de Sa\u00fade da cidade nesta segunda-feira. Segundo a secretaria, um homem invadiu o posto de sa\u00fade no bairro de Col\u00e9gio na madrugada de domingo e &hellip;<\/p>\n","protected":false},"author":1,"featured_media":14435,"comment_status":"closed","ping_status":"closed","sticky":false,"template":"","format":"standard","meta":{"_jetpack_newsletter_access":"","_jetpack_dont_email_post_to_subs":false,"_jetpack_newsletter_tier_id":0,"_jetpack_memberships_contains_paywalled_content":false,"_jetpack_memberships_contains_paid_content":false,"footnotes":""},"categories":[1],"tags":[],"class_list":["post-14433","post","type-post","status-publish","format-standard","has-post-thumbnail","hentry","category-destaque"],"jetpack_sharing_enabled":true,"jetpack_featured_media_url":"","_links":{"self":[{"href":"https:\/\/www.oparanews.com.br\/index.php\/wp-json\/wp\/v2\/posts\/14433","targetHints":{"allow":["GET"]}}],"collection":[{"href":"https:\/\/www.oparanews.com.br\/index.php\/wp-json\/wp\/v2\/posts"}],"about":[{"href":"https:\/\/www.oparanews.com.br\/index.php\/wp-json\/wp\/v2\/types\/post"}],"author":[{"embeddable":true,"href":"https:\/\/www.oparanews.com.br\/index.php\/wp-json\/wp\/v2\/users\/1"}],"replies":[{"embeddable":true,"href":"https:\/\/www.oparanews.com.br\/index.php\/wp-json\/wp\/v2\/comments?post=14433"}],"version-history":[{"count":0,"href":"https:\/\/www.oparanews.com.br\/index.php\/wp-json\/wp\/v2\/posts\/14433\/revisions"}],"wp:attachment":[{"href":"https:\/\/www.oparanews.com.br\/index.php\/wp-json\/wp\/v2\/media?parent=14433"}],"wp:term":[{"taxonomy":"category","embeddable":true,"href":"https:\/\/www.oparanews.com.br\/index.php\/wp-json\/wp\/v2\/categories?post=14433"},{"taxonomy":"post_tag","embeddable":true,"href":"https:\/\/www.oparanews.com.br\/index.php\/wp-json\/wp\/v2\/tags?post=14433"}],"curies":[{"name":"wp","href":"https:\/\/api.w.org\/{rel}","templated":true}]}}