{"id":14437,"date":"2021-04-05T20:15:32","date_gmt":"2021-04-05T20:15:32","guid":{"rendered":"https:\/\/oparanews.com.br\/?p=14437"},"modified":"2021-04-05T20:15:32","modified_gmt":"2021-04-05T20:15:32","slug":"renato-gaucho-tem-diagnostico-para-covid-confirmado","status":"publish","type":"post","link":"https:\/\/www.oparanews.com.br\/index.php\/2021\/04\/05\/renato-gaucho-tem-diagnostico-para-covid-confirmado\/","title":{"rendered":"Renato Ga\u00facho tem diagn\u00f3stico para covid confirmado"},"content":{"rendered":"<p>O t\u00e9cnico Renato Ga\u00facho testou positivo para covid-19 nesta segunda-feira, 5. O comandante do Gr\u00eamio havia sido afastado da viagem para o Equador na partida diante do Independiente Del Valle por apresentar sintomas da doen\u00e7a e, agora, o time tricolor confirmou a informa\u00e7\u00e3o.<\/p>\n<p>Em nota oficial, o Gr\u00eamio informa que Portaluppi apresentou dores musculares, febre e inflama\u00e7\u00e3o na garganta, mas que j\u00e1 teve melhora no quadro cl\u00ednico nas \u00faltimas horas e est\u00e1 assintom\u00e1tico. O t\u00e9cnico cumprir\u00e1 o protocolo de isolamento nos pr\u00f3ximos dias.<\/p>\n<p>A delega\u00e7\u00e3o gremista embarcou para Quito, no Equador, na manh\u00e3 desta segunda. O time ser\u00e1 dirigido por Alexandre Mendes, auxiliar t\u00e9cnico que comandou o time nas primeiras rodadas do Campeonato Ga\u00facho.<\/p>\n<p>O Gr\u00eamio encara o Independiente Del Valle na pr\u00f3xima quarta pelo jogo de ida da terceira fase da Libertadores, no Equador, valendo vaga na fase de grupos do torneio continental.<\/p>\n<p>&nbsp;<\/p>\n<p><strong>Fonte: Terra<\/strong><\/p>\n<p>&nbsp;<\/p>\n","protected":false},"excerpt":{"rendered":"<p>O t\u00e9cnico Renato Ga\u00facho testou positivo para covid-19 nesta segunda-feira, 5. O comandante do Gr\u00eamio havia sido afastado da viagem para o Equador na partida diante do Independiente Del Valle por apresentar sintomas da doen\u00e7a e, agora, o time tricolor confirmou a informa\u00e7\u00e3o. Em nota oficial, o Gr\u00eamio informa que Portaluppi apresentou dores musculares, febre &hellip;<\/p>\n","protected":false},"author":1,"featured_media":14438,"comment_status":"closed","ping_status":"closed","sticky":false,"template":"","format":"standard","meta":{"_jetpack_newsletter_access":"","_jetpack_dont_email_post_to_subs":false,"_jetpack_newsletter_tier_id":0,"_jetpack_memberships_contains_paywalled_content":false,"_jetpack_memberships_contains_paid_content":false,"footnotes":""},"categories":[1],"tags":[],"class_list":["post-14437","post","type-post","status-publish","format-standard","has-post-thumbnail","hentry","category-destaque"],"jetpack_sharing_enabled":true,"jetpack_featured_media_url":"","_links":{"self":[{"href":"https:\/\/www.oparanews.com.br\/index.php\/wp-json\/wp\/v2\/posts\/14437","targetHints":{"allow":["GET"]}}],"collection":[{"href":"https:\/\/www.oparanews.com.br\/index.php\/wp-json\/wp\/v2\/posts"}],"about":[{"href":"https:\/\/www.oparanews.com.br\/index.php\/wp-json\/wp\/v2\/types\/post"}],"author":[{"embeddable":true,"href":"https:\/\/www.oparanews.com.br\/index.php\/wp-json\/wp\/v2\/users\/1"}],"replies":[{"embeddable":true,"href":"https:\/\/www.oparanews.com.br\/index.php\/wp-json\/wp\/v2\/comments?post=14437"}],"version-history":[{"count":0,"href":"https:\/\/www.oparanews.com.br\/index.php\/wp-json\/wp\/v2\/posts\/14437\/revisions"}],"wp:attachment":[{"href":"https:\/\/www.oparanews.com.br\/index.php\/wp-json\/wp\/v2\/media?parent=14437"}],"wp:term":[{"taxonomy":"category","embeddable":true,"href":"https:\/\/www.oparanews.com.br\/index.php\/wp-json\/wp\/v2\/categories?post=14437"},{"taxonomy":"post_tag","embeddable":true,"href":"https:\/\/www.oparanews.com.br\/index.php\/wp-json\/wp\/v2\/tags?post=14437"}],"curies":[{"name":"wp","href":"https:\/\/api.w.org\/{rel}","templated":true}]}}