{"id":14440,"date":"2021-04-05T20:20:03","date_gmt":"2021-04-05T20:20:03","guid":{"rendered":"https:\/\/oparanews.com.br\/?p=14440"},"modified":"2021-04-05T20:20:03","modified_gmt":"2021-04-05T20:20:03","slug":"prefeitura-de-penedo-lanca-programa-meu-bairro-melhor","status":"publish","type":"post","link":"https:\/\/www.oparanews.com.br\/index.php\/2021\/04\/05\/prefeitura-de-penedo-lanca-programa-meu-bairro-melhor\/","title":{"rendered":"Prefeitura de Penedo lan\u00e7a programa Meu Bairro Melhor"},"content":{"rendered":"<p>Um programa de governo criado para melhorar a qualidade de vida da popula\u00e7\u00e3o ser\u00e1 lan\u00e7ado em Penedo. Na pr\u00f3xima quarta-feira, 07, o Prefeito Ronaldo Lopes e o Vice-Prefeito Jo\u00e3o Lucas iniciam os trabalhos em uma comunidade tradicional da cidade hist\u00f3rica.<\/p>\n<p>Os primeiros investimentos do programa Meu Bairro Melhor ser\u00e3o feitos no Senhor do Bonfim, nome oficial da localidade remanescente quilombola Oiteiro.<\/p>\n<p>Os servi\u00e7os realizados com recursos pr\u00f3prios da Prefeitura de Penedo ir\u00e3o revitalizar o Mirante do Cristo, ponto atrativo tur\u00edstico da comunidade que tamb\u00e9m ter\u00e1 outro apelo atendido: a recupera\u00e7\u00e3o de sua quadra de esportes.<\/p>\n<p>Por meio da Secretaria Municipal de Servi\u00e7os P\u00fablicos, a gest\u00e3o tamb\u00e9m urbanizar\u00e1 o acesso entre a Rodovia M\u00e1rio Freire Leahy e o Oiteiro, inclusive com cal\u00e7ada, passeio p\u00fablico que ter\u00e1 acessibilidade e piso t\u00e1til.<\/p>\n<p><a href=\"https:\/\/oparanews.com.br\/wp-content\/uploads\/2021\/04\/Sem-t\u00edtulo-43.jpg\"><img loading=\"lazy\" decoding=\"async\" class=\"aligncenter size-full wp-image-14442\" src=\"https:\/\/oparanews.com.br\/wp-content\/uploads\/2021\/04\/Sem-t\u00edtulo-43.jpg\" alt=\"\" width=\"1024\" height=\"654\" \/><\/a><\/p>\n<p>A pra\u00e7a principal do Oiteiro ser\u00e1 reformada, a\u00e7\u00e3o que caber\u00e1 \u00e0 Secretaria Municipal de Meio Ambiente e Recursos H\u00eddricos (Semarh), pasta que tamb\u00e9m ampliar\u00e1 a arboriza\u00e7\u00e3o do bairro Senhor do Bonfim.<\/p>\n<p>Em parceria com a empresa Equatorial Energia, a Prefeitura de Penedo substituir\u00e1 as l\u00e2mpadas de vapor da rede p\u00fablica por l\u00e2mpadas de LED, equipamento de melhor qualidade, durabilidade e menor custo.<\/p>\n<p>O programa Meu Bairro Melhor ser\u00e1 uma a\u00e7\u00e3o permanente da gest\u00e3o Crescendo Com Seu Povo, governo comprometido com a popula\u00e7\u00e3o e que est\u00e1 fazendo de Penedo uma cidade cada vez melhor de se morar, mais digna e com melhor qualidade em vida para todos.<\/p>\n<p>&nbsp;<\/p>\n<p><strong>por Fernando Vin\u00edcius \u2013 Decom PMP<\/strong><\/p>\n<p>&nbsp;<\/p>\n","protected":false},"excerpt":{"rendered":"<p>Um programa de governo criado para melhorar a qualidade de vida da popula\u00e7\u00e3o ser\u00e1 lan\u00e7ado em Penedo. Na pr\u00f3xima quarta-feira, 07, o Prefeito Ronaldo Lopes e o Vice-Prefeito Jo\u00e3o Lucas iniciam os trabalhos em uma comunidade tradicional da cidade hist\u00f3rica. Os primeiros investimentos do programa Meu Bairro Melhor ser\u00e3o feitos no Senhor do Bonfim, nome &hellip;<\/p>\n","protected":false},"author":1,"featured_media":14441,"comment_status":"closed","ping_status":"closed","sticky":false,"template":"","format":"standard","meta":{"_jetpack_newsletter_access":"","_jetpack_dont_email_post_to_subs":false,"_jetpack_newsletter_tier_id":0,"_jetpack_memberships_contains_paywalled_content":false,"_jetpack_memberships_contains_paid_content":false,"footnotes":""},"categories":[1],"tags":[],"class_list":["post-14440","post","type-post","status-publish","format-standard","has-post-thumbnail","hentry","category-destaque"],"jetpack_sharing_enabled":true,"jetpack_featured_media_url":"","_links":{"self":[{"href":"https:\/\/www.oparanews.com.br\/index.php\/wp-json\/wp\/v2\/posts\/14440","targetHints":{"allow":["GET"]}}],"collection":[{"href":"https:\/\/www.oparanews.com.br\/index.php\/wp-json\/wp\/v2\/posts"}],"about":[{"href":"https:\/\/www.oparanews.com.br\/index.php\/wp-json\/wp\/v2\/types\/post"}],"author":[{"embeddable":true,"href":"https:\/\/www.oparanews.com.br\/index.php\/wp-json\/wp\/v2\/users\/1"}],"replies":[{"embeddable":true,"href":"https:\/\/www.oparanews.com.br\/index.php\/wp-json\/wp\/v2\/comments?post=14440"}],"version-history":[{"count":0,"href":"https:\/\/www.oparanews.com.br\/index.php\/wp-json\/wp\/v2\/posts\/14440\/revisions"}],"wp:attachment":[{"href":"https:\/\/www.oparanews.com.br\/index.php\/wp-json\/wp\/v2\/media?parent=14440"}],"wp:term":[{"taxonomy":"category","embeddable":true,"href":"https:\/\/www.oparanews.com.br\/index.php\/wp-json\/wp\/v2\/categories?post=14440"},{"taxonomy":"post_tag","embeddable":true,"href":"https:\/\/www.oparanews.com.br\/index.php\/wp-json\/wp\/v2\/tags?post=14440"}],"curies":[{"name":"wp","href":"https:\/\/api.w.org\/{rel}","templated":true}]}}