{"id":14453,"date":"2021-04-06T18:09:29","date_gmt":"2021-04-06T18:09:29","guid":{"rendered":"https:\/\/oparanews.com.br\/?p=14453"},"modified":"2021-04-06T18:09:29","modified_gmt":"2021-04-06T18:09:29","slug":"pai-de-rodolffo-defende-o-cantor-e-repudia-criticas-ao-filho","status":"publish","type":"post","link":"https:\/\/www.oparanews.com.br\/index.php\/2021\/04\/06\/pai-de-rodolffo-defende-o-cantor-e-repudia-criticas-ao-filho\/","title":{"rendered":"Pai de Rodolffo defende o cantor e repudia cr\u00edticas ao filho"},"content":{"rendered":"<p>Rodolffo polemizou ao comparar o cabelo de Jo\u00e3o Luiz a uma peruca do homem das cavernas, do Castigo do Monstro mais recente do BBB 2021. O cantor sertanejo recebeu v\u00e1rias cr\u00edticas nas redes sociais, com pessoas enxergando a atitude como racista, mas foi defendido intensamente pelo seu pr\u00f3prio pai.<\/p>\n<p>Juarez Dias come\u00e7ou afirmando que tem a origem afrodescendente na fam\u00edlia e mostrou sua cor de pele, al\u00e9m do cabelo black power que j\u00e1 exibiu anteriormente. No Instagram, o senhor tamb\u00e9m repudiou o jeito que as pessoas t\u00eam tratado essa pol\u00eamica:<\/p>\n<p>\u201cMeus pais eram negros, venho de fam\u00edlia humilde. Criei meus filhos na simplicidade que fui criado, olhando todos como iguais, ningu\u00e9m melhor que ningu\u00e9m. N\u00e3o estou aqui para dar palestra, pra defender nenhuma teoria ou criar confus\u00e3o. Mas sou um pai que est\u00e1 vendo o filho sendo atacado de forma desproporcional. A regra \u00e9: julgar e cancelar (\u2026) O mundo est\u00e1 cheio de ju\u00edzes, que julgam na mesma velocidade que erram\u201d.<\/p>\n<p>Seguindo o desabafo, o pai de Rodolffo disse que j\u00e1 levou apelidos por causa do cabelo e que isso nunca o afetou, insinuando que Jo\u00e3o Luiz deveria agir do mesmo jeito: \u201cEu n\u00e3o me importava. Isso nunca me colocou pra baixo, nem atingiu meu brilho. E o Rodolffo cresceu assim, onde essas brincadeiras eram comuns e n\u00e3o pra machucar. Hoje em dia a gente n\u00e3o sabe mais o que falar\u201d.<\/p>\n<p>Na mesma publica\u00e7\u00e3o, o veterano disse entender que o assunto merece reflex\u00e3o, mas ao mesmo tempo acusou internautas de estarem exagerando no jeito de julgar:<\/p>\n<p>\u201cEu entendo que o mundo mudou, e que isso \u00e9 \u00f3timo. E como o mundo n\u00e3o mudou da noite para o dia, o ser humano tamb\u00e9m est\u00e1 em evolu\u00e7\u00e3o.<\/p>\n<p>\u00c9 muito triste ver a tentativa de alguns perfis execrarem meu filho, fazer dele um monstro perante o p\u00fablico, mas n\u00e3o v\u00e3o conseguir\u201d.<\/p>\n<p>Por fim, Juarez disse que o goiano n\u00e3o tem maldade nas declara\u00e7\u00f5es problem\u00e1ticas que j\u00e1 deu: \u201cRodolffo tem um jeito xucro, interiorano, sem maldade, que fala o que vem \u00e0 mente\u2026 Meu filho cresceu livre, come\u00e7ou a trabalhar muito cedo, numa realidade muito diferente dessa que vivemos. Ele \u00e9 honesto, verdadeiro. E falho como todos n\u00f3s\u201d.<\/p>\n<p>Anteriormente, o idoso reprovou o discurso de Ludmilla no show que fez recentemente na casa e insinuou que ela foi oportunista nessa ocasi\u00e3o:<\/p>\n<p>\u201cRep\u00fadio! Da\u00ed o artista vem fazer seu show e vai al\u00e9m, acaba por dar o show\u2026<\/p>\n<p>Jogo sujo (\u2026) Provavelmente esqueceram de ensaiar o texto. E, a falso moralista usou palavras de baixo cal\u00e3o para pedir respeito em um assunto t\u00e3o s\u00e9rio, que de fato merece respeito\u201d.<\/p>\n<p>O pai de Rodolffo, al\u00e9m de tudo, ainda acusou a produ\u00e7\u00e3o do Big Brother Brasil de ser tendenciosa e prejudicar propositalmente o brother do Camarote, visando queim\u00e1-lo com o p\u00fablico:<\/p>\n<p>\u201cInterfer\u00eancia externa, com o intuito de prejudicar o Rodolffo Jogo baixo. Muito feio o que o Brasil inteiro assistiu na festa do dia 04 no BBB. Uma pena (\u2026) [Jo\u00e3o Luiz] preferiu fazer VT, sobre o caso, envolvendo outros participantes com o intuito de patrocinar a disc\u00f3rdia, jogando-os contra o Rodolffo que at\u00e9 ent\u00e3o n\u00e3o via maldade na brincadeira\u201d.<\/p>\n<p>&nbsp;<\/p>\n<p><strong>Fonte: RD1<\/strong><\/p>\n<p>&nbsp;<\/p>\n","protected":false},"excerpt":{"rendered":"<p>Rodolffo polemizou ao comparar o cabelo de Jo\u00e3o Luiz a uma peruca do homem das cavernas, do Castigo do Monstro mais recente do BBB 2021. O cantor sertanejo recebeu v\u00e1rias cr\u00edticas nas redes sociais, com pessoas enxergando a atitude como racista, mas foi defendido intensamente pelo seu pr\u00f3prio pai. Juarez Dias come\u00e7ou afirmando que tem &hellip;<\/p>\n","protected":false},"author":1,"featured_media":14454,"comment_status":"closed","ping_status":"closed","sticky":false,"template":"","format":"standard","meta":{"_jetpack_newsletter_access":"","_jetpack_dont_email_post_to_subs":false,"_jetpack_newsletter_tier_id":0,"_jetpack_memberships_contains_paywalled_content":false,"_jetpack_memberships_contains_paid_content":false,"footnotes":""},"categories":[1],"tags":[],"class_list":["post-14453","post","type-post","status-publish","format-standard","has-post-thumbnail","hentry","category-destaque"],"jetpack_sharing_enabled":true,"jetpack_featured_media_url":"","_links":{"self":[{"href":"https:\/\/www.oparanews.com.br\/index.php\/wp-json\/wp\/v2\/posts\/14453","targetHints":{"allow":["GET"]}}],"collection":[{"href":"https:\/\/www.oparanews.com.br\/index.php\/wp-json\/wp\/v2\/posts"}],"about":[{"href":"https:\/\/www.oparanews.com.br\/index.php\/wp-json\/wp\/v2\/types\/post"}],"author":[{"embeddable":true,"href":"https:\/\/www.oparanews.com.br\/index.php\/wp-json\/wp\/v2\/users\/1"}],"replies":[{"embeddable":true,"href":"https:\/\/www.oparanews.com.br\/index.php\/wp-json\/wp\/v2\/comments?post=14453"}],"version-history":[{"count":0,"href":"https:\/\/www.oparanews.com.br\/index.php\/wp-json\/wp\/v2\/posts\/14453\/revisions"}],"wp:attachment":[{"href":"https:\/\/www.oparanews.com.br\/index.php\/wp-json\/wp\/v2\/media?parent=14453"}],"wp:term":[{"taxonomy":"category","embeddable":true,"href":"https:\/\/www.oparanews.com.br\/index.php\/wp-json\/wp\/v2\/categories?post=14453"},{"taxonomy":"post_tag","embeddable":true,"href":"https:\/\/www.oparanews.com.br\/index.php\/wp-json\/wp\/v2\/tags?post=14453"}],"curies":[{"name":"wp","href":"https:\/\/api.w.org\/{rel}","templated":true}]}}