{"id":14459,"date":"2021-04-06T23:32:18","date_gmt":"2021-04-06T23:32:18","guid":{"rendered":"https:\/\/oparanews.com.br\/?p=14459"},"modified":"2021-04-06T23:32:18","modified_gmt":"2021-04-06T23:32:18","slug":"alagoas-registra-808-casos-e-23-mortes-por-covid-19","status":"publish","type":"post","link":"https:\/\/www.oparanews.com.br\/index.php\/2021\/04\/06\/alagoas-registra-808-casos-e-23-mortes-por-covid-19\/","title":{"rendered":"Alagoas registra 808 casos e 23 mortes por Covid-19"},"content":{"rendered":"<p>Alagoas registrou 808 casos e 23 mortes por Covid-19 nas \u00faltimas 24 horas. Os n\u00fameros s\u00e3o do boletim epidemiol\u00f3gico da Secretaria de Estado da Sa\u00fade (Sesau) desta ter\u00e7a-feira (6).<\/p>\n<p>Com essa atualiza\u00e7\u00e3o, o estado passou a ter 157.330 casos confirmados e 3.688 \u00f3bitos de pessoas contaminadas pelo novo coronav\u00edrus.<\/p>\n<p>O total de pessoas recuperadas da doen\u00e7a subiu para 149.548. Outros 3.312 pacientes est\u00e3o em tratamento em isolamento domiciliar.<\/p>\n<p>O n\u00famero acumulado de casos suspeitos \u00e9 8.978.<\/p>\n<p>A taxa de ocupa\u00e7\u00e3o dos leitos de UTI no estado \u00e9 de 87%. Na capital, a ocupa\u00e7\u00e3o de UTI \u00e9 de 88%.<\/p>\n<p>Os \u00f3bitos registrados em 24 horas n\u00e3o significam, necessariamente, que as mortes aconteceram de um dia para o outro, mas que foram contabilizadas no sistema neste per\u00edodo. Os n\u00fameros dos boletins epidemiol\u00f3gicos costumam ser menores aos fins de semana e \u00e0s segundas-feiras por causa do atraso na notifica\u00e7\u00e3o nessas datas.<\/p>\n<p><strong>Mais 23 mortes por Covid-19<\/strong><\/p>\n<p>Macei\u00f3: Homem, 28 anos \u2013 hipertenso, depressivo e tinha s\u00edndrome do p\u00e2nico<br \/>\nMacei\u00f3: Homem, 39 anos \u2013 sem comorbidades<br \/>\nMacei\u00f3: Homem, 59 anos \u2013 sem comorbidades<br \/>\nMacei\u00f3: Homem, 61 anos \u2013 sem comorbidades<br \/>\nMacei\u00f3: Homem, 64 anos \u2013 sem comorbidades<br \/>\nMacei\u00f3: Homem, 68 anos \u2013 sem comorbidades<br \/>\nMacei\u00f3: Homem, 70 anos \u2013hipertenso e diab\u00e9tico<br \/>\nMacei\u00f3: Homem, 85 anos \u2013 hipertenso e tinha c\u00e2ncer de pr\u00f3stata<br \/>\nMacei\u00f3: Mulher, 60 anos \u2013 hipertensa e cardiopata<br \/>\nMacei\u00f3: Mulher, 63 anos \u2013 hipertensa e cardiopata<br \/>\nMacei\u00f3: Mulher, 73 anos \u2013 diabetes, hipertens\u00e3o e doen\u00e7a respirat\u00f3ria cr\u00f4nica<br \/>\nMacei\u00f3: Mulher, 73 anos \u2013 doen\u00e7a cardiovascular<br \/>\nMacei\u00f3: Mulher, 85 anos \u2013 hipertensa<br \/>\nMacei\u00f3: Mulher, 91 anos \u2013 hipertensa e diab\u00e9tica<br \/>\nSantana do Ipanema: Homem, 47 anos \u2013 sem comorbidades<br \/>\nS\u00e3o Miguel dos Campos: Homem, 50 anos \u2013 hipertenso &#8211; morreu em casa<br \/>\nArapiraca: Homem, 56 anos \u2013 sem comorbidades<br \/>\nArapiraca: Homem, 61 anos \u2013 obeso<br \/>\nS\u00e3o Miguel dos Campos: Mulher, 44 anos \u2013 diabetes<br \/>\nArapiraca: Mulher, 54 anos \u2013 sem comorbidades<br \/>\nMarechal Deodoro: Mulher, 60 anos \u2013 hipertens\u00e3o e diabetes<br \/>\nMatriz do Camaragibe: Mulher, 63 anos \u2013 diabetes e hipertens\u00e3o<br \/>\nCampo Alegre: Mulher, 89 anos \u2013 sem comorbidades<\/p>\n<p>&nbsp;<\/p>\n<p><strong>Fonte: G1\/AL<\/strong><\/p>\n<p>&nbsp;<\/p>\n","protected":false},"excerpt":{"rendered":"<p>Alagoas registrou 808 casos e 23 mortes por Covid-19 nas \u00faltimas 24 horas. Os n\u00fameros s\u00e3o do boletim epidemiol\u00f3gico da Secretaria de Estado da Sa\u00fade (Sesau) desta ter\u00e7a-feira (6). Com essa atualiza\u00e7\u00e3o, o estado passou a ter 157.330 casos confirmados e 3.688 \u00f3bitos de pessoas contaminadas pelo novo coronav\u00edrus. O total de pessoas recuperadas da &hellip;<\/p>\n","protected":false},"author":1,"featured_media":14460,"comment_status":"closed","ping_status":"closed","sticky":false,"template":"","format":"standard","meta":{"_jetpack_newsletter_access":"","_jetpack_dont_email_post_to_subs":false,"_jetpack_newsletter_tier_id":0,"_jetpack_memberships_contains_paywalled_content":false,"_jetpack_memberships_contains_paid_content":false,"footnotes":""},"categories":[1],"tags":[],"class_list":["post-14459","post","type-post","status-publish","format-standard","has-post-thumbnail","hentry","category-destaque"],"jetpack_sharing_enabled":true,"jetpack_featured_media_url":"","_links":{"self":[{"href":"https:\/\/www.oparanews.com.br\/index.php\/wp-json\/wp\/v2\/posts\/14459","targetHints":{"allow":["GET"]}}],"collection":[{"href":"https:\/\/www.oparanews.com.br\/index.php\/wp-json\/wp\/v2\/posts"}],"about":[{"href":"https:\/\/www.oparanews.com.br\/index.php\/wp-json\/wp\/v2\/types\/post"}],"author":[{"embeddable":true,"href":"https:\/\/www.oparanews.com.br\/index.php\/wp-json\/wp\/v2\/users\/1"}],"replies":[{"embeddable":true,"href":"https:\/\/www.oparanews.com.br\/index.php\/wp-json\/wp\/v2\/comments?post=14459"}],"version-history":[{"count":0,"href":"https:\/\/www.oparanews.com.br\/index.php\/wp-json\/wp\/v2\/posts\/14459\/revisions"}],"wp:attachment":[{"href":"https:\/\/www.oparanews.com.br\/index.php\/wp-json\/wp\/v2\/media?parent=14459"}],"wp:term":[{"taxonomy":"category","embeddable":true,"href":"https:\/\/www.oparanews.com.br\/index.php\/wp-json\/wp\/v2\/categories?post=14459"},{"taxonomy":"post_tag","embeddable":true,"href":"https:\/\/www.oparanews.com.br\/index.php\/wp-json\/wp\/v2\/tags?post=14459"}],"curies":[{"name":"wp","href":"https:\/\/api.w.org\/{rel}","templated":true}]}}