{"id":14462,"date":"2021-04-06T23:33:27","date_gmt":"2021-04-06T23:33:27","guid":{"rendered":"https:\/\/oparanews.com.br\/?p=14462"},"modified":"2021-04-06T23:33:27","modified_gmt":"2021-04-06T23:33:27","slug":"policia-prende-suspeito-de-estuprar-crianca-de-7-anos","status":"publish","type":"post","link":"https:\/\/www.oparanews.com.br\/index.php\/2021\/04\/06\/policia-prende-suspeito-de-estuprar-crianca-de-7-anos\/","title":{"rendered":"Pol\u00edcia prende suspeito de estuprar crian\u00e7a de 7 anos"},"content":{"rendered":"<p>Um homem de 21 anos foi preso em flagrante suspeito de estuprar uma menina de 7 anos nesta ter\u00e7a-feira (6) em um dep\u00f3sito na Central Estadual de Abastecimento (Ceasa).<\/p>\n<p>De acordo com a Pol\u00edcia Civil, o crime ocorreu nesta madrugada, por volta das 4h. A menina foi para o Ceasa com uma amiga para comprar batatinha na rua dela. Ao chegar no local, um jovem, que trabalha descarregando caminh\u00e3o, ofereceu \u00e0 menina uma ma\u00e7\u00e3 e a levou at\u00e9 um dep\u00f3sito, onde houve o abuso sexual.<\/p>\n<p>Ainda segundo a pol\u00edcia, o suspeito abra\u00e7ou a v\u00edtima e passou a m\u00e3o na genit\u00e1lia dela. Em depoimento, o homem contou que tinha feito a a\u00e7\u00e3o sem inten\u00e7\u00f5es.<\/p>\n<p>Logo depois do abuso sexual, a crian\u00e7a contou para a m\u00e3e o que tinha acontecido. A m\u00e3e da v\u00edtima fez a den\u00fancia na Central de Flagrantes e ap\u00f3s registro do boletim de ocorr\u00eancia, equipes do Batalh\u00e3o de Pol\u00edcia de Guarda (BPGd) realizaram a pris\u00e3o do homem.<\/p>\n<p>O preso foi levado para a Central de Flagrantes, onde foi autuado por estupro de vulner\u00e1vel.<\/p>\n<p>A Delegacia da Crian\u00e7a e do Adolescente vai investigar o caso.<\/p>\n<p>&nbsp;<\/p>\n<p><strong>Fonte: G1\/AL<\/strong><\/p>\n<p>&nbsp;<\/p>\n","protected":false},"excerpt":{"rendered":"<p>Um homem de 21 anos foi preso em flagrante suspeito de estuprar uma menina de 7 anos nesta ter\u00e7a-feira (6) em um dep\u00f3sito na Central Estadual de Abastecimento (Ceasa). De acordo com a Pol\u00edcia Civil, o crime ocorreu nesta madrugada, por volta das 4h. A menina foi para o Ceasa com uma amiga para comprar &hellip;<\/p>\n","protected":false},"author":1,"featured_media":14463,"comment_status":"closed","ping_status":"closed","sticky":false,"template":"","format":"standard","meta":{"_jetpack_newsletter_access":"","_jetpack_dont_email_post_to_subs":false,"_jetpack_newsletter_tier_id":0,"_jetpack_memberships_contains_paywalled_content":false,"_jetpack_memberships_contains_paid_content":false,"footnotes":""},"categories":[1],"tags":[],"class_list":["post-14462","post","type-post","status-publish","format-standard","has-post-thumbnail","hentry","category-destaque"],"jetpack_sharing_enabled":true,"jetpack_featured_media_url":"","_links":{"self":[{"href":"https:\/\/www.oparanews.com.br\/index.php\/wp-json\/wp\/v2\/posts\/14462","targetHints":{"allow":["GET"]}}],"collection":[{"href":"https:\/\/www.oparanews.com.br\/index.php\/wp-json\/wp\/v2\/posts"}],"about":[{"href":"https:\/\/www.oparanews.com.br\/index.php\/wp-json\/wp\/v2\/types\/post"}],"author":[{"embeddable":true,"href":"https:\/\/www.oparanews.com.br\/index.php\/wp-json\/wp\/v2\/users\/1"}],"replies":[{"embeddable":true,"href":"https:\/\/www.oparanews.com.br\/index.php\/wp-json\/wp\/v2\/comments?post=14462"}],"version-history":[{"count":0,"href":"https:\/\/www.oparanews.com.br\/index.php\/wp-json\/wp\/v2\/posts\/14462\/revisions"}],"wp:attachment":[{"href":"https:\/\/www.oparanews.com.br\/index.php\/wp-json\/wp\/v2\/media?parent=14462"}],"wp:term":[{"taxonomy":"category","embeddable":true,"href":"https:\/\/www.oparanews.com.br\/index.php\/wp-json\/wp\/v2\/categories?post=14462"},{"taxonomy":"post_tag","embeddable":true,"href":"https:\/\/www.oparanews.com.br\/index.php\/wp-json\/wp\/v2\/tags?post=14462"}],"curies":[{"name":"wp","href":"https:\/\/api.w.org\/{rel}","templated":true}]}}