{"id":14468,"date":"2021-04-06T23:39:54","date_gmt":"2021-04-06T23:39:54","guid":{"rendered":"https:\/\/oparanews.com.br\/?p=14468"},"modified":"2021-04-06T23:39:54","modified_gmt":"2021-04-06T23:39:54","slug":"semed-penedo-capacita-professores-para-uso-de-ferramentas-digitais","status":"publish","type":"post","link":"https:\/\/www.oparanews.com.br\/index.php\/2021\/04\/06\/semed-penedo-capacita-professores-para-uso-de-ferramentas-digitais\/","title":{"rendered":"SEMED Penedo capacita professores para uso de ferramentas digitais"},"content":{"rendered":"<p>A pandemia da Covid-19 acelerou a adapta\u00e7\u00e3o do processo de ensino\/aprendizagem ao mundo virtual. Sem aulas presenciais, parte da produ\u00e7\u00e3o e transmiss\u00e3o do conte\u00fado did\u00e1tico depende do uso de ferramentas digitais.<\/p>\n<p>Diante dos novos desafios, a Prefeitura de Penedo \u2013 por meio da Secretaria Municipal de Educa\u00e7\u00e3o (SEMED) \u2013 est\u00e1 capacitando professores, diretores, coordenadores, equipe t\u00e9cnica e auxiliares de sala.<\/p>\n<p>O treinamento iniciado nesta semana \u00e9 focado no uso da plataforma Google Classroom, com orienta\u00e7\u00e3o direta do setor de Tecnologia da Informa\u00e7\u00e3o (TI) da SEMED Penedo.<\/p>\n<p>Segundo o instrutor da capacita\u00e7\u00e3o, Lenilton Junior, os professores podem utilizar a plataforma de modo automatizado, ou seja, compartilhando conte\u00fados com postagens pr\u00e9-programadas, uma das vantagens do sistema que possibilita contato direto, ainda que virtual, nas salas on-line, o novo ambiente de intera\u00e7\u00e3o entre docentes e estudantes.<\/p>\n<p>O treinamento com carga hor\u00e1ria de pelo menos seis horas ocorre por videoconfer\u00eancia e conta ainda com mais um instrutor, o professor efetivo da SEMED Penedo, Adriano Christanys, e suporte t\u00e9cnico de Anderson Ferreira.<\/p>\n<p>A Secret\u00e1ria C\u00edntya Alves ressalta mais esse avan\u00e7o disponibilizado para o corpo docente da SEMED Penedo durante a gest\u00e3o Crescendo Com Seu Povo.<\/p>\n<p>\u201cAp\u00f3s essa primeira qualifica\u00e7\u00e3o, n\u00f3s abriremos um curso de Inform\u00e1tica B\u00e1sica para aquele profissional que quiser aprender mais e se aperfei\u00e7oar no uso de computadores e ferramentas digitais\u201d, explica C\u00edntya Alves, frisando que o servidor interessado deve procurar a secretaria da escola onde trabalha para efetuar a inscri\u00e7\u00e3o.<\/p>\n<p>\u201cContinuaremos capacitando nossos profissionais, esse \u00e9 mais um dos compromissos do Prefeito Ronaldo Lopes e do Vice Jo\u00e3o Lucas para que nossas crian\u00e7as e adolescentes tenham um ensino cada vez melhor\u201d, afirma a gestora da SEMED Penedo.<\/p>\n<p>&nbsp;<\/p>\n<p><strong>por Fernando Vin\u00edcius \u2013 Decom PMP<\/strong><\/p>\n<p>&nbsp;<\/p>\n","protected":false},"excerpt":{"rendered":"<p>A pandemia da Covid-19 acelerou a adapta\u00e7\u00e3o do processo de ensino\/aprendizagem ao mundo virtual. Sem aulas presenciais, parte da produ\u00e7\u00e3o e transmiss\u00e3o do conte\u00fado did\u00e1tico depende do uso de ferramentas digitais. Diante dos novos desafios, a Prefeitura de Penedo \u2013 por meio da Secretaria Municipal de Educa\u00e7\u00e3o (SEMED) \u2013 est\u00e1 capacitando professores, diretores, coordenadores, equipe &hellip;<\/p>\n","protected":false},"author":1,"featured_media":14469,"comment_status":"closed","ping_status":"closed","sticky":false,"template":"","format":"standard","meta":{"_jetpack_newsletter_access":"","_jetpack_dont_email_post_to_subs":false,"_jetpack_newsletter_tier_id":0,"_jetpack_memberships_contains_paywalled_content":false,"_jetpack_memberships_contains_paid_content":false,"footnotes":""},"categories":[1],"tags":[],"class_list":["post-14468","post","type-post","status-publish","format-standard","has-post-thumbnail","hentry","category-destaque"],"jetpack_sharing_enabled":true,"jetpack_featured_media_url":"","_links":{"self":[{"href":"https:\/\/www.oparanews.com.br\/index.php\/wp-json\/wp\/v2\/posts\/14468","targetHints":{"allow":["GET"]}}],"collection":[{"href":"https:\/\/www.oparanews.com.br\/index.php\/wp-json\/wp\/v2\/posts"}],"about":[{"href":"https:\/\/www.oparanews.com.br\/index.php\/wp-json\/wp\/v2\/types\/post"}],"author":[{"embeddable":true,"href":"https:\/\/www.oparanews.com.br\/index.php\/wp-json\/wp\/v2\/users\/1"}],"replies":[{"embeddable":true,"href":"https:\/\/www.oparanews.com.br\/index.php\/wp-json\/wp\/v2\/comments?post=14468"}],"version-history":[{"count":0,"href":"https:\/\/www.oparanews.com.br\/index.php\/wp-json\/wp\/v2\/posts\/14468\/revisions"}],"wp:attachment":[{"href":"https:\/\/www.oparanews.com.br\/index.php\/wp-json\/wp\/v2\/media?parent=14468"}],"wp:term":[{"taxonomy":"category","embeddable":true,"href":"https:\/\/www.oparanews.com.br\/index.php\/wp-json\/wp\/v2\/categories?post=14468"},{"taxonomy":"post_tag","embeddable":true,"href":"https:\/\/www.oparanews.com.br\/index.php\/wp-json\/wp\/v2\/tags?post=14468"}],"curies":[{"name":"wp","href":"https:\/\/api.w.org\/{rel}","templated":true}]}}