{"id":14477,"date":"2021-04-07T02:40:22","date_gmt":"2021-04-07T02:40:22","guid":{"rendered":"https:\/\/oparanews.com.br\/?p=14477"},"modified":"2021-04-07T02:40:22","modified_gmt":"2021-04-07T02:40:22","slug":"senado-aprova-prorrogacao-da-declaracao-do-ir-ate-julho","status":"publish","type":"post","link":"https:\/\/www.oparanews.com.br\/index.php\/2021\/04\/07\/senado-aprova-prorrogacao-da-declaracao-do-ir-ate-julho\/","title":{"rendered":"Senado aprova prorroga\u00e7\u00e3o da declara\u00e7\u00e3o do IR at\u00e9 julho"},"content":{"rendered":"<p>O Senado aprovou, nesta ter\u00e7a-feira, 6, um projeto prorrogando o prazo de entrega da declara\u00e7\u00e3o do Imposto de Renda para Pessoa F\u00edsica at\u00e9 o fim de julho. Como houve altera\u00e7\u00f5es, a proposta voltar\u00e1 para a C\u00e2mara dos Deputados antes de ser encaminhada \u00e0 san\u00e7\u00e3o do presidente Jair Bolsonaro. O Planalto avalia vetar a prorroga\u00e7\u00e3o em fun\u00e7\u00e3o do impacto financeiro.<\/p>\n<p>O projeto prorroga de 30 de abril para 31 de julho o prazo para a apresenta\u00e7\u00e3o da declara\u00e7\u00e3o do Imposto de Renda da Pessoa F\u00edsica referente ao exerc\u00edcio de 2021, ano-calend\u00e1rio de 2020, em fun\u00e7\u00e3o da pandemia de covid-19.<\/p>\n<p>Como o pagamento do imposto pelos contribuintes poder\u00e1 ser feito em at\u00e9 oito parcelas, as tr\u00eas primeiras quotas que venceriam em abril, maio e junho seriam prorrogadas para julho, agosto e setembro. Conforme c\u00e1lculos do Minist\u00e9rio da Economia, a mudan\u00e7a adiaria o fluxo de arrecada\u00e7\u00e3o de um valor estimado em R$ 13,2 bilh\u00f5es e pode afetar o cronograma das restitui\u00e7\u00f5es.<\/p>\n<p>A proposta original aprovada na C\u00e2mara adiava o pagamento das duas \u00faltimas parcelas de quem tem imposto a pagar para janeiro e fevereiro de 2022, tirando R$ 2,6 bilh\u00f5es da arrecada\u00e7\u00e3o prevista para este ano e adiando essa receita para o ano que vem.<\/p>\n<p>Nesse ponto, o relator do projeto no Senado, Pl\u00ednio Val\u00e9rio (PSDB-AM) concordou em mexer, reduzindo de oito para seis parcelas e deixando todo o pagamento dentro de 2021. Ele manteve, por\u00e9m, a prorroga\u00e7\u00e3o da declara\u00e7\u00e3o. &#8220;Procurei fazer o que \u00e9 bom para a popula\u00e7\u00e3o e que n\u00e3o seja ruim para a Uni\u00e3o&#8221;, afirmou.<\/p>\n<p>O l\u00edder do governo no Senado, Fernando Bezerra Coelho (MDB-PE), lembrou que o prazo da declara\u00e7\u00e3o foi adiado em 60 dias no ano passado, durante o per\u00edodo de calamidade decretado em fun\u00e7\u00e3o da pandemia do novo coronav\u00edrus. Neste ano, por\u00e9m, n\u00e3o h\u00e1 calamidade decretada e o governo n\u00e3o contra com o or\u00e7amento de guerra para executar gastos sem compensa\u00e7\u00e3o fiscal. Por isso, a prorroga\u00e7\u00e3o pode ser vetada por Bolsonaro. &#8220;A prorroga\u00e7\u00e3o vai exigir um esfor\u00e7o muito grande por parte do governo federal. O governo ainda n\u00e3o tem posi\u00e7\u00e3o de san\u00e7\u00e3o em rela\u00e7\u00e3o a essa mat\u00e9ria&#8221;, afirmou Bezerra.<\/p>\n<p>&nbsp;<\/p>\n<p><strong>Fonte: Terra<\/strong><\/p>\n<p>&nbsp;<\/p>\n","protected":false},"excerpt":{"rendered":"<p>O Senado aprovou, nesta ter\u00e7a-feira, 6, um projeto prorrogando o prazo de entrega da declara\u00e7\u00e3o do Imposto de Renda para Pessoa F\u00edsica at\u00e9 o fim de julho. Como houve altera\u00e7\u00f5es, a proposta voltar\u00e1 para a C\u00e2mara dos Deputados antes de ser encaminhada \u00e0 san\u00e7\u00e3o do presidente Jair Bolsonaro. O Planalto avalia vetar a prorroga\u00e7\u00e3o em &hellip;<\/p>\n","protected":false},"author":1,"featured_media":14478,"comment_status":"closed","ping_status":"closed","sticky":false,"template":"","format":"standard","meta":{"_jetpack_newsletter_access":"","_jetpack_dont_email_post_to_subs":false,"_jetpack_newsletter_tier_id":0,"_jetpack_memberships_contains_paywalled_content":false,"_jetpack_memberships_contains_paid_content":false,"footnotes":""},"categories":[1],"tags":[],"class_list":["post-14477","post","type-post","status-publish","format-standard","has-post-thumbnail","hentry","category-destaque"],"jetpack_sharing_enabled":true,"jetpack_featured_media_url":"","_links":{"self":[{"href":"https:\/\/www.oparanews.com.br\/index.php\/wp-json\/wp\/v2\/posts\/14477","targetHints":{"allow":["GET"]}}],"collection":[{"href":"https:\/\/www.oparanews.com.br\/index.php\/wp-json\/wp\/v2\/posts"}],"about":[{"href":"https:\/\/www.oparanews.com.br\/index.php\/wp-json\/wp\/v2\/types\/post"}],"author":[{"embeddable":true,"href":"https:\/\/www.oparanews.com.br\/index.php\/wp-json\/wp\/v2\/users\/1"}],"replies":[{"embeddable":true,"href":"https:\/\/www.oparanews.com.br\/index.php\/wp-json\/wp\/v2\/comments?post=14477"}],"version-history":[{"count":0,"href":"https:\/\/www.oparanews.com.br\/index.php\/wp-json\/wp\/v2\/posts\/14477\/revisions"}],"wp:attachment":[{"href":"https:\/\/www.oparanews.com.br\/index.php\/wp-json\/wp\/v2\/media?parent=14477"}],"wp:term":[{"taxonomy":"category","embeddable":true,"href":"https:\/\/www.oparanews.com.br\/index.php\/wp-json\/wp\/v2\/categories?post=14477"},{"taxonomy":"post_tag","embeddable":true,"href":"https:\/\/www.oparanews.com.br\/index.php\/wp-json\/wp\/v2\/tags?post=14477"}],"curies":[{"name":"wp","href":"https:\/\/api.w.org\/{rel}","templated":true}]}}