{"id":14486,"date":"2021-04-07T16:02:39","date_gmt":"2021-04-07T16:02:39","guid":{"rendered":"https:\/\/oparanews.com.br\/?p=14486"},"modified":"2021-04-07T16:02:39","modified_gmt":"2021-04-07T16:02:39","slug":"alvo-de-operacao-policial-e-morto-em-sao-miguel-dos-campos","status":"publish","type":"post","link":"https:\/\/www.oparanews.com.br\/index.php\/2021\/04\/07\/alvo-de-operacao-policial-e-morto-em-sao-miguel-dos-campos\/","title":{"rendered":"Alvo de opera\u00e7\u00e3o policial \u00e9 morto em S\u00e3o Miguel dos Campos"},"content":{"rendered":"<p>Um homem foi morto durante opera\u00e7\u00e3o policial em S\u00e3o Miguel dos Campos. A pol\u00edcia cumpria um mandado de pris\u00e3o tempor\u00e1ria por homic\u00eddio expedido pela 4\u00aa Vara Criminal do munic\u00edpio. A informa\u00e7\u00e3o foi divulgada nesta quarta-feira (7).<\/p>\n<p>De acordo com a pol\u00edcia, o suspeito foi morto ap\u00f3s reagir \u00e0 pris\u00e3o. O nome dele n\u00e3o foi divulgado.<\/p>\n<p>&#8220;Os agentes revidaram de forma proporcional e progressiva, sendo o homem atingido por dois disparos. Foi socorrido pelos policiais at\u00e9 \u00e0 UPA da cidade, onde faleceu\u201d, disse o delegado Jo\u00e3o Marcelo, que coordenou a a\u00e7\u00e3o.<\/p>\n<p>O homem, que cumpria pena em regime semiaberto por tr\u00e1fico de drogas, roubo e recepta\u00e7\u00e3o, era suspeito de ter matado Jos\u00e9 Rafael dos Santos, no dia 9 de mar\u00e7o, em S\u00e3o Miguel dos campos.<\/p>\n<p>&nbsp;<\/p>\n<p><strong>Fonte: G1\/AL<\/strong><\/p>\n<p>&nbsp;<\/p>\n","protected":false},"excerpt":{"rendered":"<p>Um homem foi morto durante opera\u00e7\u00e3o policial em S\u00e3o Miguel dos Campos. A pol\u00edcia cumpria um mandado de pris\u00e3o tempor\u00e1ria por homic\u00eddio expedido pela 4\u00aa Vara Criminal do munic\u00edpio. A informa\u00e7\u00e3o foi divulgada nesta quarta-feira (7). De acordo com a pol\u00edcia, o suspeito foi morto ap\u00f3s reagir \u00e0 pris\u00e3o. O nome dele n\u00e3o foi divulgado. &hellip;<\/p>\n","protected":false},"author":1,"featured_media":14487,"comment_status":"closed","ping_status":"closed","sticky":false,"template":"","format":"standard","meta":{"_jetpack_newsletter_access":"","_jetpack_dont_email_post_to_subs":false,"_jetpack_newsletter_tier_id":0,"_jetpack_memberships_contains_paywalled_content":false,"_jetpack_memberships_contains_paid_content":false,"footnotes":""},"categories":[1],"tags":[],"class_list":["post-14486","post","type-post","status-publish","format-standard","has-post-thumbnail","hentry","category-destaque"],"jetpack_sharing_enabled":true,"jetpack_featured_media_url":"","_links":{"self":[{"href":"https:\/\/www.oparanews.com.br\/index.php\/wp-json\/wp\/v2\/posts\/14486","targetHints":{"allow":["GET"]}}],"collection":[{"href":"https:\/\/www.oparanews.com.br\/index.php\/wp-json\/wp\/v2\/posts"}],"about":[{"href":"https:\/\/www.oparanews.com.br\/index.php\/wp-json\/wp\/v2\/types\/post"}],"author":[{"embeddable":true,"href":"https:\/\/www.oparanews.com.br\/index.php\/wp-json\/wp\/v2\/users\/1"}],"replies":[{"embeddable":true,"href":"https:\/\/www.oparanews.com.br\/index.php\/wp-json\/wp\/v2\/comments?post=14486"}],"version-history":[{"count":0,"href":"https:\/\/www.oparanews.com.br\/index.php\/wp-json\/wp\/v2\/posts\/14486\/revisions"}],"wp:attachment":[{"href":"https:\/\/www.oparanews.com.br\/index.php\/wp-json\/wp\/v2\/media?parent=14486"}],"wp:term":[{"taxonomy":"category","embeddable":true,"href":"https:\/\/www.oparanews.com.br\/index.php\/wp-json\/wp\/v2\/categories?post=14486"},{"taxonomy":"post_tag","embeddable":true,"href":"https:\/\/www.oparanews.com.br\/index.php\/wp-json\/wp\/v2\/tags?post=14486"}],"curies":[{"name":"wp","href":"https:\/\/api.w.org\/{rel}","templated":true}]}}