{"id":14489,"date":"2021-04-07T16:05:02","date_gmt":"2021-04-07T16:05:02","guid":{"rendered":"https:\/\/oparanews.com.br\/?p=14489"},"modified":"2021-04-07T16:05:02","modified_gmt":"2021-04-07T16:05:02","slug":"acidente-entre-carro-e-kombi-deixa-feridos-em-maragogi","status":"publish","type":"post","link":"https:\/\/www.oparanews.com.br\/index.php\/2021\/04\/07\/acidente-entre-carro-e-kombi-deixa-feridos-em-maragogi\/","title":{"rendered":"Acidente entre carro e Kombi deixa feridos em Maragogi"},"content":{"rendered":"<p>Um acidente entre um carro e uma Kombi deixou os ocupantes dos ve\u00edculos feridos nesta quarta-feira (7) na AL-101 Norte, em Maragogi.<\/p>\n<p>De acordo com o Batalh\u00e3o de Pol\u00edcia Rodovi\u00e1rio (BPRv), o motorista da Honda WR-V invadiu a contram\u00e3o da pista e bateu de frente com a Kombi. Ele foi socorrido pelo Corpo de Bombeiros para a UPA de Maragogi.<\/p>\n<p>Ainda segundo o BPRv, os passageiros da Kombi receberam ajuda de pessoas que passavam pelo local do acidente. N\u00e3o foi informado o n\u00famero exato de feridos.<\/p>\n<p>&nbsp;<\/p>\n<p><strong>Fonte: G1\/AL<\/strong><\/p>\n<p>&nbsp;<\/p>\n","protected":false},"excerpt":{"rendered":"<p>Um acidente entre um carro e uma Kombi deixou os ocupantes dos ve\u00edculos feridos nesta quarta-feira (7) na AL-101 Norte, em Maragogi. De acordo com o Batalh\u00e3o de Pol\u00edcia Rodovi\u00e1rio (BPRv), o motorista da Honda WR-V invadiu a contram\u00e3o da pista e bateu de frente com a Kombi. Ele foi socorrido pelo Corpo de Bombeiros &hellip;<\/p>\n","protected":false},"author":1,"featured_media":14490,"comment_status":"closed","ping_status":"closed","sticky":false,"template":"","format":"standard","meta":{"_jetpack_newsletter_access":"","_jetpack_dont_email_post_to_subs":false,"_jetpack_newsletter_tier_id":0,"_jetpack_memberships_contains_paywalled_content":false,"_jetpack_memberships_contains_paid_content":false,"footnotes":""},"categories":[1],"tags":[],"class_list":["post-14489","post","type-post","status-publish","format-standard","has-post-thumbnail","hentry","category-destaque"],"jetpack_sharing_enabled":true,"jetpack_featured_media_url":"","_links":{"self":[{"href":"https:\/\/www.oparanews.com.br\/index.php\/wp-json\/wp\/v2\/posts\/14489","targetHints":{"allow":["GET"]}}],"collection":[{"href":"https:\/\/www.oparanews.com.br\/index.php\/wp-json\/wp\/v2\/posts"}],"about":[{"href":"https:\/\/www.oparanews.com.br\/index.php\/wp-json\/wp\/v2\/types\/post"}],"author":[{"embeddable":true,"href":"https:\/\/www.oparanews.com.br\/index.php\/wp-json\/wp\/v2\/users\/1"}],"replies":[{"embeddable":true,"href":"https:\/\/www.oparanews.com.br\/index.php\/wp-json\/wp\/v2\/comments?post=14489"}],"version-history":[{"count":0,"href":"https:\/\/www.oparanews.com.br\/index.php\/wp-json\/wp\/v2\/posts\/14489\/revisions"}],"wp:attachment":[{"href":"https:\/\/www.oparanews.com.br\/index.php\/wp-json\/wp\/v2\/media?parent=14489"}],"wp:term":[{"taxonomy":"category","embeddable":true,"href":"https:\/\/www.oparanews.com.br\/index.php\/wp-json\/wp\/v2\/categories?post=14489"},{"taxonomy":"post_tag","embeddable":true,"href":"https:\/\/www.oparanews.com.br\/index.php\/wp-json\/wp\/v2\/tags?post=14489"}],"curies":[{"name":"wp","href":"https:\/\/api.w.org\/{rel}","templated":true}]}}