{"id":14497,"date":"2021-04-07T19:42:25","date_gmt":"2021-04-07T19:42:25","guid":{"rendered":"https:\/\/oparanews.com.br\/?p=14497"},"modified":"2021-04-07T19:42:25","modified_gmt":"2021-04-07T19:42:25","slug":"com-covid-19-luiz-adriano-fura-quarentena-e-leva-multa","status":"publish","type":"post","link":"https:\/\/www.oparanews.com.br\/index.php\/2021\/04\/07\/com-covid-19-luiz-adriano-fura-quarentena-e-leva-multa\/","title":{"rendered":"Com covid-19, Luiz Adriano fura quarentena e leva multa"},"content":{"rendered":"<p>A dire\u00e7\u00e3o do Palmeiras vai multar Luiz Adriano por ter desrespeitado os protocolos contra a covid-19. O atacante testou positivo para o novo coronav\u00edrus na semana passada, mas deixou o isolamento para ir a um supermercado, onde se envolveu em um acidente de tr\u00e2nsito, na segunda-feira.<\/p>\n<p>&#8220;O clube segue r\u00edgidos protocolos de seguran\u00e7a e, em um de seus exames peri\u00f3dicos, Luiz Adriano testou positivo para a covid-19 na semana passada. Ele foi afastado das atividades presenciais e orientado a ficar em isolamento em casa, mas descumpriu esse protocolo&#8221;, lamentou o clube, em comunicado.<\/p>\n<p>O Palmeiras prometeu multar o atleta. &#8220;Diante do ocorrido, o Palmeiras tomar\u00e1 provid\u00eancias internas. Neste caso espec\u00edfico, as a\u00e7\u00f5es administrativas ser\u00e3o convertidas em cestas b\u00e1sicas. \u00c9 um momento de conscientiza\u00e7\u00e3o e ajuda aos que mais precisam.&#8221;<\/p>\n<p>Pelas redes sociais, Luiz Adriano admitiu que quebrou as regras do protocolo. &#8220;Fui orientado a ficar em casa de quarentena sob o acompanhamento do DM (departamento m\u00e9dico), por\u00e9m ontem fui ao supermercado do shopping levar minha m\u00e3e que n\u00e3o sabe dirigir, sem sair de dentro do meu carro e de m\u00e1scara, mas acabei me envolvendo em um acidente em que uma bicicleta bateu no carro na sa\u00edda do estacionamento&#8221;, declarou.<\/p>\n<p>O atacante garantiu que manteve os cuidados b\u00e1sicos para evitar transmitir o v\u00edrus. &#8220;Permaneci de m\u00e1scara e afastado a todo momento, por\u00e9m n\u00e3o poderia deixar de prestar socorro a pessoa que sofreu o acidente. Todos est\u00e3o bem. Sim, n\u00e3o deveria ter sa\u00eddo de casa, errei, reconhe\u00e7o!&#8221;<\/p>\n<p>Luiz Adriano fez o teste na quinta-feira da semana passada. &#8220;Infelizmente, mais uma vez testei positivo para a covid-19&#8221;, disse o jogador. &#8220;Eu j\u00e1 havia contra\u00eddo este v\u00edrus antes, estou totalmente assintom\u00e1tico, inclusive tenho meu IgG reagente, mas as regras do clube s\u00e3o claras.&#8221;<\/p>\n<p>Em raz\u00e3o do novo teste positivo, o atacante j\u00e1 n\u00e3o vinha treinando com o grupo nos \u00faltimos dias. Assim, sequer foi relacionado para o jogo de ida da Recopa Sul-Americana, contra o Defensa Y Justicia, nesta quarta-feira, em Buenos Aires, na Argentina.<\/p>\n<p>&nbsp;<\/p>\n<p><strong>Fonte: Terra<\/strong><\/p>\n<p>&nbsp;<\/p>\n","protected":false},"excerpt":{"rendered":"<p>A dire\u00e7\u00e3o do Palmeiras vai multar Luiz Adriano por ter desrespeitado os protocolos contra a covid-19. O atacante testou positivo para o novo coronav\u00edrus na semana passada, mas deixou o isolamento para ir a um supermercado, onde se envolveu em um acidente de tr\u00e2nsito, na segunda-feira. &#8220;O clube segue r\u00edgidos protocolos de seguran\u00e7a e, em &hellip;<\/p>\n","protected":false},"author":1,"featured_media":14498,"comment_status":"closed","ping_status":"closed","sticky":false,"template":"","format":"standard","meta":{"_jetpack_newsletter_access":"","_jetpack_dont_email_post_to_subs":false,"_jetpack_newsletter_tier_id":0,"_jetpack_memberships_contains_paywalled_content":false,"_jetpack_memberships_contains_paid_content":false,"footnotes":""},"categories":[1],"tags":[],"class_list":["post-14497","post","type-post","status-publish","format-standard","has-post-thumbnail","hentry","category-destaque"],"jetpack_sharing_enabled":true,"jetpack_featured_media_url":"","_links":{"self":[{"href":"https:\/\/www.oparanews.com.br\/index.php\/wp-json\/wp\/v2\/posts\/14497","targetHints":{"allow":["GET"]}}],"collection":[{"href":"https:\/\/www.oparanews.com.br\/index.php\/wp-json\/wp\/v2\/posts"}],"about":[{"href":"https:\/\/www.oparanews.com.br\/index.php\/wp-json\/wp\/v2\/types\/post"}],"author":[{"embeddable":true,"href":"https:\/\/www.oparanews.com.br\/index.php\/wp-json\/wp\/v2\/users\/1"}],"replies":[{"embeddable":true,"href":"https:\/\/www.oparanews.com.br\/index.php\/wp-json\/wp\/v2\/comments?post=14497"}],"version-history":[{"count":0,"href":"https:\/\/www.oparanews.com.br\/index.php\/wp-json\/wp\/v2\/posts\/14497\/revisions"}],"wp:attachment":[{"href":"https:\/\/www.oparanews.com.br\/index.php\/wp-json\/wp\/v2\/media?parent=14497"}],"wp:term":[{"taxonomy":"category","embeddable":true,"href":"https:\/\/www.oparanews.com.br\/index.php\/wp-json\/wp\/v2\/categories?post=14497"},{"taxonomy":"post_tag","embeddable":true,"href":"https:\/\/www.oparanews.com.br\/index.php\/wp-json\/wp\/v2\/tags?post=14497"}],"curies":[{"name":"wp","href":"https:\/\/api.w.org\/{rel}","templated":true}]}}