{"id":14503,"date":"2021-04-07T19:48:15","date_gmt":"2021-04-07T19:48:15","guid":{"rendered":"https:\/\/oparanews.com.br\/?p=14503"},"modified":"2021-04-07T19:48:15","modified_gmt":"2021-04-07T19:48:15","slug":"fafa-de-belem-e-vacinada-contra-covid-19","status":"publish","type":"post","link":"https:\/\/www.oparanews.com.br\/index.php\/2021\/04\/07\/fafa-de-belem-e-vacinada-contra-covid-19\/","title":{"rendered":"Faf\u00e1 de Bel\u00e9m \u00e9 vacinada contra covid-19"},"content":{"rendered":"<p>Faf\u00e1 de Bel\u00e9m, 64, tomou a primeira dose da vacina contra a covid-19, nesta ter\u00e7a-feira, 6, em S\u00e3o Paulo. A cantora compartilhou um v\u00eddeo do momento da imuniza\u00e7\u00e3o nas redes sociais.<\/p>\n<p>A artista explicou que, al\u00e9m de esperar sua vez no calend\u00e1rio de imuniza\u00e7\u00e3o, se inscreveu para receber as sobras de doses de vacinas que j\u00e1 foram abertas.<\/p>\n<p>&#8220;Desde ontem \u00e0 noite estou muito emocionada. A minha vez chegou! Gra\u00e7as ao SUS, aos nossos cientistas, aos profissionais de sa\u00fade s\u00e9rios do nosso pa\u00eds e, gra\u00e7as ao Butantan, eu tomei a primeira dose ontem&#8221;, escreveu ela na legenda da publica\u00e7\u00e3o.<\/p>\n<p>&#8220;Inclusive, quero recomendar a voc\u00eas, meus seguidores com mais de 60 anos, que se informem em suas cidades e, se puderem, inscrevam-se na lista das sobras de vacina. Como a maioria dos frascos dispon\u00edveis no SUS possuem 10 doses, cuja efic\u00e1cia dura por at\u00e9 oito horas depois de serem abertos, os postos criaram essa lista para evitar o desperd\u00edcio&#8221;, explicou.<\/p>\n<p>&#8220;Desde quando eu soube da exist\u00eancia da lista, me inscrevi. Eles te ligam, por ordem de inscri\u00e7\u00e3o na lista, quando existe alguma dose que ser\u00e1 desperdi\u00e7ada, e voc\u00ea tem que correr para l\u00e1! Eu consegui, gra\u00e7as a Deus&#8221;, acrescentou.<\/p>\n<p>A cantora continua cumprindo os protocolos de seguran\u00e7a, enquanto aguarda o dia para receber a segunda dose. &#8220;Agora sigo em casa, tomando todos os cuidados, ansiosa pela segunda dose, no fim do m\u00eas. Viva a querida Maria, que me imunizou ontem. Viva toda a equipe que me tratou com tanto carinho em um momento de profunda emo\u00e7\u00e3o! E viva o SUS&#8221;, completou.<\/p>\n<p>&nbsp;<\/p>\n<p><strong>Fonte: Terra<\/strong><\/p>\n<p>&nbsp;<\/p>\n","protected":false},"excerpt":{"rendered":"<p>Faf\u00e1 de Bel\u00e9m, 64, tomou a primeira dose da vacina contra a covid-19, nesta ter\u00e7a-feira, 6, em S\u00e3o Paulo. A cantora compartilhou um v\u00eddeo do momento da imuniza\u00e7\u00e3o nas redes sociais. A artista explicou que, al\u00e9m de esperar sua vez no calend\u00e1rio de imuniza\u00e7\u00e3o, se inscreveu para receber as sobras de doses de vacinas que &hellip;<\/p>\n","protected":false},"author":1,"featured_media":14504,"comment_status":"closed","ping_status":"closed","sticky":false,"template":"","format":"standard","meta":{"_jetpack_newsletter_access":"","_jetpack_dont_email_post_to_subs":false,"_jetpack_newsletter_tier_id":0,"_jetpack_memberships_contains_paywalled_content":false,"_jetpack_memberships_contains_paid_content":false,"footnotes":""},"categories":[1],"tags":[],"class_list":["post-14503","post","type-post","status-publish","format-standard","has-post-thumbnail","hentry","category-destaque"],"jetpack_sharing_enabled":true,"jetpack_featured_media_url":"","_links":{"self":[{"href":"https:\/\/www.oparanews.com.br\/index.php\/wp-json\/wp\/v2\/posts\/14503","targetHints":{"allow":["GET"]}}],"collection":[{"href":"https:\/\/www.oparanews.com.br\/index.php\/wp-json\/wp\/v2\/posts"}],"about":[{"href":"https:\/\/www.oparanews.com.br\/index.php\/wp-json\/wp\/v2\/types\/post"}],"author":[{"embeddable":true,"href":"https:\/\/www.oparanews.com.br\/index.php\/wp-json\/wp\/v2\/users\/1"}],"replies":[{"embeddable":true,"href":"https:\/\/www.oparanews.com.br\/index.php\/wp-json\/wp\/v2\/comments?post=14503"}],"version-history":[{"count":0,"href":"https:\/\/www.oparanews.com.br\/index.php\/wp-json\/wp\/v2\/posts\/14503\/revisions"}],"wp:attachment":[{"href":"https:\/\/www.oparanews.com.br\/index.php\/wp-json\/wp\/v2\/media?parent=14503"}],"wp:term":[{"taxonomy":"category","embeddable":true,"href":"https:\/\/www.oparanews.com.br\/index.php\/wp-json\/wp\/v2\/categories?post=14503"},{"taxonomy":"post_tag","embeddable":true,"href":"https:\/\/www.oparanews.com.br\/index.php\/wp-json\/wp\/v2\/tags?post=14503"}],"curies":[{"name":"wp","href":"https:\/\/api.w.org\/{rel}","templated":true}]}}