{"id":14506,"date":"2021-04-08T02:27:11","date_gmt":"2021-04-08T02:27:11","guid":{"rendered":"https:\/\/oparanews.com.br\/?p=14506"},"modified":"2021-04-08T02:27:11","modified_gmt":"2021-04-08T02:27:11","slug":"alagoas-confirma-739-casos-e-22-mortes-por-covid-19","status":"publish","type":"post","link":"https:\/\/www.oparanews.com.br\/index.php\/2021\/04\/08\/alagoas-confirma-739-casos-e-22-mortes-por-covid-19\/","title":{"rendered":"Alagoas confirma 739 casos e 22 mortes por Covid-19"},"content":{"rendered":"<p>O boletim epidemiol\u00f3gico da Secretaria de Estado da Sa\u00fade (Sesau) desta quarta-feira (07) mostrou que Alagoas confirmou 739 novos casos e mais 22 mortes por Covid-19.<\/p>\n<p>Desde o come\u00e7o da pandemia, o estado registrou 158.069 casos confirmados e 3.710 \u00f3bitos.<\/p>\n<p>Dos casos confirmados, 150.000 pacientes se recuperaram; 3.576 est\u00e3o em tratamento em isolamento domiciliar.<\/p>\n<p>H\u00e1 9.152 casos suspeitos em todo o estado.<\/p>\n<p>A taxa de ocupa\u00e7\u00e3o de leitos de UTI para Covid-19 em Macei\u00f3 chegou a 92%, segundo boletim divulgado nessa ter\u00e7a-feira (6).<\/p>\n<p>Mais 22 mortes por Covid-19<\/p>\n<p>Macei\u00f3: Homem, 41 anos &#8211; sem comorbidades<br \/>\nMacei\u00f3: Homem, 43 anos &#8211; obeso<br \/>\nMacei\u00f3: Homem, 44 anos &#8211; hipertenso<br \/>\nMacei\u00f3: Homem, 69 anos &#8211; doen\u00e7a card\u00edaca cr\u00f4nica<br \/>\nMacei\u00f3: Homem, 73 anos &#8211; Alzheimer e Parkinson<br \/>\nMacei\u00f3: Homem, 75 anos &#8211; hipertenso<br \/>\nMacei\u00f3: Homem, 89 anos &#8211; hipertenso<br \/>\nMacei\u00f3: Mulher, 47 anos &#8211; hipertensa e obesa<br \/>\nMacei\u00f3: Mulher, 60 anos &#8211; doen\u00e7a cardiovascular e diabetes<br \/>\nMacei\u00f3: Mulher, 62 anos &#8211; hipertens\u00e3o e doen\u00e7a respirat\u00f3ria cr\u00f4nica<br \/>\nMacei\u00f3: Mulher, 66 anos &#8211; sem comorbidades<br \/>\nMacei\u00f3: Mulher, 66 anos &#8211; hepatite cr\u00f4nica<br \/>\nMacei\u00f3: Mulher, 80 anos &#8211; hipertensa<br \/>\nArapiraca: Homem, 42 anos &#8211; sem comorbidades<br \/>\nArapiraca: Homem, 62 anos &#8211; doen\u00e7a cardiovascular<br \/>\nPalmeira dos \u00cdndios: Homem, 77 anos &#8211; sem comorbidades<br \/>\nPalmeira dos \u00cdndios: Mulher, 47 anos &#8211; doen\u00e7a cardiovascular, diabetes e hipertens\u00e3o<br \/>\nPalmeira dos \u00cdndios: Mulher, 85 anos &#8211; sem comorbidades<br \/>\nMarechal Deodoro: Homem, 58 anos &#8211; diabetes<br \/>\nAtalaia: Homem, 72 anos &#8211; doen\u00e7a cardiovascular, diabetes e sequelas de um Acidente Vascular Cerebral (AVC)<br \/>\nMaragogi: Homem, 77 anos &#8211; sem comorbidades<br \/>\nMurici: Mulher, 70 anos &#8211; sem comorbidades<\/p>\n<p>&nbsp;<\/p>\n<p><strong>Fonte: G1\/AL<\/strong><\/p>\n<p>&nbsp;<\/p>\n","protected":false},"excerpt":{"rendered":"<p>O boletim epidemiol\u00f3gico da Secretaria de Estado da Sa\u00fade (Sesau) desta quarta-feira (07) mostrou que Alagoas confirmou 739 novos casos e mais 22 mortes por Covid-19. Desde o come\u00e7o da pandemia, o estado registrou 158.069 casos confirmados e 3.710 \u00f3bitos. Dos casos confirmados, 150.000 pacientes se recuperaram; 3.576 est\u00e3o em tratamento em isolamento domiciliar. H\u00e1 &hellip;<\/p>\n","protected":false},"author":1,"featured_media":14507,"comment_status":"closed","ping_status":"closed","sticky":false,"template":"","format":"standard","meta":{"_jetpack_newsletter_access":"","_jetpack_dont_email_post_to_subs":false,"_jetpack_newsletter_tier_id":0,"_jetpack_memberships_contains_paywalled_content":false,"_jetpack_memberships_contains_paid_content":false,"footnotes":""},"categories":[1],"tags":[],"class_list":["post-14506","post","type-post","status-publish","format-standard","has-post-thumbnail","hentry","category-destaque"],"jetpack_sharing_enabled":true,"jetpack_featured_media_url":"","_links":{"self":[{"href":"https:\/\/www.oparanews.com.br\/index.php\/wp-json\/wp\/v2\/posts\/14506","targetHints":{"allow":["GET"]}}],"collection":[{"href":"https:\/\/www.oparanews.com.br\/index.php\/wp-json\/wp\/v2\/posts"}],"about":[{"href":"https:\/\/www.oparanews.com.br\/index.php\/wp-json\/wp\/v2\/types\/post"}],"author":[{"embeddable":true,"href":"https:\/\/www.oparanews.com.br\/index.php\/wp-json\/wp\/v2\/users\/1"}],"replies":[{"embeddable":true,"href":"https:\/\/www.oparanews.com.br\/index.php\/wp-json\/wp\/v2\/comments?post=14506"}],"version-history":[{"count":0,"href":"https:\/\/www.oparanews.com.br\/index.php\/wp-json\/wp\/v2\/posts\/14506\/revisions"}],"wp:attachment":[{"href":"https:\/\/www.oparanews.com.br\/index.php\/wp-json\/wp\/v2\/media?parent=14506"}],"wp:term":[{"taxonomy":"category","embeddable":true,"href":"https:\/\/www.oparanews.com.br\/index.php\/wp-json\/wp\/v2\/categories?post=14506"},{"taxonomy":"post_tag","embeddable":true,"href":"https:\/\/www.oparanews.com.br\/index.php\/wp-json\/wp\/v2\/tags?post=14506"}],"curies":[{"name":"wp","href":"https:\/\/api.w.org\/{rel}","templated":true}]}}