{"id":14556,"date":"2021-04-09T11:56:59","date_gmt":"2021-04-09T11:56:59","guid":{"rendered":"https:\/\/oparanews.com.br\/?p=14556"},"modified":"2021-04-09T11:56:59","modified_gmt":"2021-04-09T11:56:59","slug":"historia-de-penedo-385-de-elevacao-a-vila","status":"publish","type":"post","link":"https:\/\/www.oparanews.com.br\/index.php\/2021\/04\/09\/historia-de-penedo-385-de-elevacao-a-vila\/","title":{"rendered":"HIST\u00d3RIA DE PENEDO 385 DE ELEVA\u00c7\u00c3O A VILA"},"content":{"rendered":"<p>O nome Penedo originou-se de a grande pedra. O povoado, fundado por Duarte Coelho de Albuquerque (filho de Duarte Coelho Pereira), das principais cidades hist\u00f3ricas do Brasil, foi elevado a vila de S\u00e3o Francisco em 1636 e em fins do s\u00e9culo XIX passou a ser denominada Penedo do Rio S\u00e3o Francisco. Sua arquitetura atrai turistas de numerosas origens. A Igreja de Santa Maria dos Anjos \u00e9 uma das obras primas mais visitadas.<\/p>\n<p><a href=\"https:\/\/oparanews.com.br\/historia-de-penedo-385-de-elevacao-a-vila\/lossy-page1-800px-penedo_al-tif\/\" rel=\"attachment wp-att-14557\"><img loading=\"lazy\" decoding=\"async\" class=\"aligncenter size-full wp-image-14557\" src=\"https:\/\/oparanews.com.br\/wp-content\/uploads\/2021\/04\/lossy-page1-800px-Penedo_AL.tif.jpg\" alt=\"\" width=\"799\" height=\"430\" \/><\/a><\/p>\n<p>Entretanto, os historiadores alagoanos discordam quanto a sua origem. Uns dizem que a cria\u00e7\u00e3o do povoado est\u00e1 relacionada a Duarte Coelho Pereira, primeiro donat\u00e1rio da Capitania de Pernambuco. Os que discordam, afirmam que o respons\u00e1vel foi Duarte Coelho de Albuquerque, segundo donat\u00e1rio da Capitania, que herdou do pai. Entre os que defendem essa hip\u00f3tese est\u00e1 Craveiro Costa, para quem a conquista de Alagoas come\u00e7ou em 1560. Duarte Coelho de Albuquerque organizou duas bandeiras, uma com destino ao norte de Olinda e outra para o sul. A bandeira que se dirigiu ao sul, \u00e0 qual se incorporaram o pr\u00f3prio Duarte Coelho de Albuquerque e seu irm\u00e3o, atingiu o rio S\u00e3o Francisco entre 1560 e 1565 e teria dado origem ao povoado.<\/p>\n<p>A primeira sesmaria registrada na regi\u00e3o data de 1596; outras foram distribu\u00eddas e, a partir de 1613, na sesmaria recebida por Crist\u00f3v\u00e3o da Rocha, acredita-se ter sido fundado oficialmente o povoado.<\/p>\n<p>Sua principal fonte de renda provem da atividade prim\u00e1ria, com o coco, o arroz, a pesca e a cana-de-a\u00e7\u00facar.<\/p>\n<p>A cidade de Penedo foi inclu\u00edda como um dos sete destinos tur\u00edsticos pelo f\u00f3rum mundial de turismo de 2005 do Movimento Brasil de Turismo e Cultura (MBTC). O MBTC, \u00e9 uma iniciativa de a\u00e7\u00e3o cont\u00ednua, que tem como miss\u00e3o estimular o desenvolvimento local sustent\u00e1vel atrav\u00e9s do turismo e da valoriza\u00e7\u00e3o da cultura. As a\u00e7\u00f5es e iniciativas do forum s\u00e3o identificadas pela marca destinations. E como dito a cidade do Penedo foi lan\u00e7ada como um destes destinos tur\u00edsticos.<\/p>\n<p>Merece especial aten\u00e7\u00e3o na cidade a Funda\u00e7\u00e3o Casa do Penedo, fundada em 1992, tem por objetivo a preserva\u00e7\u00e3o da mem\u00f3ria da cidade, em especial do seu patrim\u00f4nio art\u00edstico e cultural. A Funda\u00e7\u00e3o Casa do Penedo, em sua sede pr\u00f3pria &#8211; na rua Jo\u00e3o Pessoa 126 -, tem uma biblioteca e hemeroteca especializadas, um arquivo iconogr\u00e1fico e documental informatizados. Mant\u00e9m exposi\u00e7\u00e3o permanente contando a hist\u00f3ria do Penedo; divulga e relan\u00e7a obras, incentiva manifesta\u00e7\u00f5es art\u00edsticas em todas as suas formas, com Biblioteca com mais de 20 mil t\u00edtulos, acervo fotogr\u00e1fico Augusto Malta. Sala Bar\u00e3o do Penedo (pain\u00e9is fotogr\u00e1ficos e objetos pessoais), Sala El\u00edsio de Carvalho (fotos e obras liter\u00e1rias), Sala dos Artistas (originais e r\u00e9plicas de esculturas de artistas penedenses), Audit\u00f3rio Valdir Batinga (capacidade 50 pessoas, nas paredes reprodu\u00e7\u00f5es de jornais), Sala Dom Pedro II (registros fotogr\u00e1ficos e pict\u00f3ricos das duas passagens de D. Pedro), Sala da Cidade (galeria com pol\u00edticos penedenses al\u00e9m de visitantes ilustres), Sala de Exposi\u00e7\u00f5es Transit\u00f3rias &#8211; para celebrar fatos hist\u00f3ricos e acontecimentos culturais.<\/p>\n<p>Penedo j\u00e1 foi sede de um dos maiores eventos cinematogr\u00e1ficos brasileiro, o Festival de Cinema que reunia artistas brasileiros renomados. \u00c9 uma cidade essencialmente cat\u00f3lica e de povo acolhedor.<\/p>\n<p>Patrim\u00f4nio hist\u00f3rico<\/p>\n<p>Vista do Centro Hist\u00f3rico de Penedo<\/p>\n<p>O Centro Hist\u00f3rico do Penedo foi tombado em 1996 pelo Instituto do Patrim\u00f4nio Hist\u00f3rico e Art\u00edstico Nacional.[6] A cidade tamb\u00e9m tem parte de seu patrim\u00f4nio hist\u00f3rico preservado, com destaque para o Pa\u00e7o Imperial, hospedagem de Dom Pedro II em 1859, onde est\u00e3o expostas porcelanas, mobili\u00e1rio e objetos que contam parte da hist\u00f3ria da cidade e do Brasil. O ilustre visitante, segundo conta o imagin\u00e1rio popular, teria dito que &#8220;o local \u00e9 muito bonito e creio que deveria estar aqui a capital da Prov\u00edncia&#8221;.[7]\n<p>Outras edifica\u00e7\u00f5es de destaque s\u00e3o a Igreja Nossa Senhora da Corrente, a Igreja e o Convento de Nossa Senhora dos Anjos, do s\u00e9culo XVIII, com detalhes barrocos; e a Igreja de S\u00e3o Gon\u00e7alo Garcia. A cultura ribeirinha, expressa pela localiza\u00e7\u00e3o da cidade \u00e0s margens do Rio S\u00e3o Francisco, tamb\u00e9m \u00e9 encontrada nos casarios e ruas de Penedo.[7] Sua principal fonte de renda vem da atividade prim\u00e1ria.<\/p>\n<p>Convento e Igreja Santa Maria dos Anjos<\/p>\n<p>Igreja de S\u00e3o Gon\u00e7alo Garcia dos Homens Pardos<\/p>\n<p>Festividades<\/p>\n<p>Bom Jesus dos Navegantes<\/p>\n<p>Penedo \u00e9 uma cidade a beira de um dos principais rios brasileiros,S\u00e3o Franscisco,como sempre a popula\u00e7\u00e3o de maioria cat\u00f3lica sempre acontece festejos do g\u00eanero,assim estamos falando da maior festa das cidades ribeirinhas do Velho Chico, a Festa de Bom Jesus dos Navegantes. Esta cidade tem muitos pescadores e a partir dos dias 9 a 18 de janeiro a cidade vive em festa com a popula\u00e7\u00e3o de outros munic\u00edpios, como Igreja Nova e Porto Real do Col\u00e9gio.<\/p>\n<p>Carnaval<\/p>\n<p>A cidade se enfeita,a popula\u00e7\u00e3o sai de casa e se anima em uma das grandes festas da regi\u00e3o sul de Alagoas s\u00e3o v\u00e1rios blocos que animam a cidade. Os mais famosos s\u00e3o Batuqueiros de Penedo, Legi\u00e3o de Amigos e Raquel (que existe h\u00e1 setenta anos).<\/p>\n<p>Bairros<\/p>\n<p>Penedo conta com 8 bairros, sendo 3 banhados pelo Rio S\u00e3o Francisco: o Centro, o Senhor do Bonfim e o Santo Ant\u00f4nio.<\/p>\n<p>Centro hist\u00f3rico<br \/>\nCentro<br \/>\nSenhor do Bonfim Jatob\u00e1, Beco do Tamandu\u00e1, Avenida S\u00e3o Vicente, Lagoa, Vit\u00f3ria, Loteamento S\u00e3o Rafael, Raimundinho, Travessa S\u00e3o Jos\u00e9<br \/>\nSanto Ant\u00f4nio (barro Vermelho)<br \/>\nSanta Luzia (barro Duro) Ramalho, Rua Nova, Avenida Wanderley, Brasnorte, Alto S\u00e3o Jo\u00e3o, Feirinha, Rua do Flamengo, UPA e Hospital Regional<br \/>\nSanta Izabel (Cacimbinhas)<br \/>\nRaimundo Marinho<br \/>\nDom Constantino<br \/>\nVila Matias<\/p>\n<p>Religi\u00e3o<\/p>\n<p>Predomina o catolicismo, com a realiza\u00e7\u00e3o de missas, novenas, ter\u00e7os, prociss\u00f5es e festas religiosas tradicionais na cidade. Os cultos evang\u00e9licos e afro-brasileiros fazem parte da religiosidade da popula\u00e7\u00e3o.<\/p>\n<p>Igreja Cat\u00f3lica<\/p>\n<p>Igreja de Nossa Senhora do Ros\u00e1rio (Catedral Diocesana)<br \/>\nIgreja da Imaculada Concei\u00e7\u00e3o<br \/>\nIgreja Nossa Senhora Auxiliadora<br \/>\nIgreja Santa Luzia<br \/>\nIgreja Nossa Senhora da Corrente<br \/>\nIgreja de Santa Maria dos Anjos (Convento Franciscano)<br \/>\nIgreja de S\u00e3o Gon\u00e7alo Garcia dos Homens Pardos<br \/>\nIgreja de Nossa Senhora do Ros\u00e1rio dos Pretos<br \/>\nIgreja S\u00e3o Francisco de Assis<br \/>\nIgreja da Santa Cruz do Cortume<br \/>\nIgreja Santo Ant\u00f4nio dos Pobres<br \/>\nIgreja Senhor Bom Jesus do BomFim<\/p>\n<p>Igrejas Evang\u00e9lica<\/p>\n<p>Congrega\u00e7\u00e3o Crist\u00e3 no Brasil<br \/>\nIgreja Assembleia de Deus<br \/>\nIgreja Batista Mission\u00e1ria<br \/>\nIgreja Maranata<br \/>\nIgreja Batista de Penedo<br \/>\nIgreja Batista Nova Vida<br \/>\nIgreja Adventista do 7\u00ba Dia<br \/>\nIgreja Do Evangelho Quadrangular<br \/>\nIgreja Universal do Reino de Deus<br \/>\nIgreja do Nazareno<br \/>\nIgreja Internacional da Gra\u00e7a de Deus<br \/>\nIgreja Pentecostal Un\u00e7\u00e3o de Deus<br \/>\nIgreja Pentecostal Renascente em Cristo<br \/>\nIgreja Assembleia de Deus de Madureira<br \/>\nIgreja Presbiteriana de Penedo<br \/>\nIgreja Mundial do Poder de Deus<\/p>\n<p>Outras denomina\u00e7\u00f5es Crist\u00e3s;<\/p>\n<p>A Igreja de Jesus Cristo dos Santos dos \u00daltimos Dias<br \/>\nSal\u00e3o do Reino das Testemunhas de Jeov\u00e1<\/p>\n<p>Educa\u00e7\u00e3o prim\u00e1ria, secund\u00e1ria e t\u00e9cnica<\/p>\n<p>Escolas privadas<\/p>\n<p>Col\u00e9gio Diocesano de Penedo-CDP<br \/>\nEscola Nossa Senhora Auxiliadora -ENSA<br \/>\nCol\u00e9gio Nossa Senhora de F\u00e1tima -CONSF<br \/>\nCol\u00e9gio Imaculada Concei\u00e7\u00e3o-CIC<br \/>\nCol\u00e9gio Sagrado Cora\u00e7\u00e3o de Jesus -CSCJ<\/p>\n<p>Escolas estaduais<\/p>\n<p>Escola Estadual Alcides Andrade<br \/>\nEscola Estadual Freitas Cavalcante<br \/>\nCol\u00e9gio Estadual Jo\u00e3o Valeriano<br \/>\nEscola Estadual Comendador Jos\u00e9 da Silva Peixoto<br \/>\nEscola Estadual Prof\u00ba Ernani M\u00e9ro<br \/>\nCol\u00e9gio Estadual Prof\u00aa Ruth Mendon\u00e7a &#8211; CAIC<br \/>\nCol\u00e9gio Estadual Gabino Besouro<br \/>\nEscola Estadual Herm\u00edlio de Freitas Malro<\/p>\n<p>Escolas municipais<\/p>\n<p>Escola Municipal de Educa\u00e7\u00e3o B\u00e1sica Irm\u00e3 Jolenta<br \/>\nEscola Municipal Prof. Douglas Aprato<br \/>\nEscola Municipal Prof\u00aa Maria da Gl\u00f3ria Tavares<br \/>\nEscola Municipal Manoel Soares de Melo<br \/>\nEscola Municipal Manoel Jos\u00e9 da Costa Mangabeira<br \/>\nCol\u00e9gio Municipal Hanna Bertolet<br \/>\nEscola Municipal de Educa\u00e7\u00e3o B\u00e1sica Santa Luzia<br \/>\nEscola Municipal Prof\u00aa Helena de Oliveira Carvalho<\/p>\n<p>Escola T\u00e9cnica de Ensino M\u00e9dio Integrado e Universidade Federal<\/p>\n<p>Instituto Federal de Alagoas &#8211; IFAL<br \/>\nUniversidade Federal de Alagoas &#8211; UFAL<br \/>\nUniversidade Paulista UNIP &#8211; Polo EAD<br \/>\nEst\u00e1cio &#8211; Polo EAD<br \/>\nFaculdade Anchieta &#8211; Polo EAD<br \/>\nFaculdade Raimundo Marinho &#8211; Penedo<\/p>\n<p>Povoados<\/p>\n<p>Tabuleiro dos Negros<br \/>\nS\u00edtio Naz\u00e1rio (Embrapa)<br \/>\nCerquinha das Laranjas<br \/>\nCampo Redondo<br \/>\nPonta Mofina<br \/>\nIlha das Canas<br \/>\nMarizeiro<br \/>\nItaporanga<br \/>\nTapera<br \/>\nCampo Grande<br \/>\nSanta Margarida<br \/>\nSanta Am\u00e9lia<br \/>\nIlha do Jegue<br \/>\nCooperativa 1<br \/>\nCooperativa 2<br \/>\nConrado<br \/>\nPesco\u00e7o<br \/>\nImbira<br \/>\nMarituba do Peixe<br \/>\nMarituba de Cima<br \/>\nCapela<br \/>\nRiacho do Pedro<br \/>\nMurici<br \/>\nPeixoto<br \/>\nPonta da Vargem<br \/>\nMarca\u00e7\u00e3o<br \/>\nManimbu<br \/>\nTaquari<br \/>\nProsperidade<br \/>\nPalmeira-Alta<br \/>\nGulandim<\/p>\n<p>Penedenses ilustres<\/p>\n<p>Biografias de penedenses<\/p>\n<p>Refer\u00eancias<\/p>\n<p>\u2191 IBGE (10 out. 2002). \u00ab\u00c1rea territorial oficial\u00bb. Resolu\u00e7\u00e3o da Presid\u00eancia do IBGE de n\u00b0 5 (R.PR-5\/02). Consultado em 5 de dezembro de 2010<br \/>\n\u2191 Ir para:a b \u00abEstimativa populacional 2017 IBGE\u00bb. Instituto Brasileiro de Geografia e Estat\u00edstica (IBGE). 30 de agosto de 2017. Consultado em 7 de novembro de 2017<br \/>\n\u2191 \u00abRanking decrescente do IDH-M dos munic\u00edpios do Brasil\u00bb. Atlas do Desenvolvimento Humano. Programa das Na\u00e7\u00f5es Unidas para o Desenvolvimento (PNUD). 2010. Consultado em 31 de agosto de 2013<br \/>\n\u2191 Ir para:a b Instituto Brasileiro de Geografia e Estat\u00edstica http:\/\/www.ibge.gov.br\/estatistica-novoportal\/economicas\/contas-nacionais\/9088-produto-interno-bruto-dos-municipios.html?t=destaques&amp;c=2706703. Consultado em 30 de dezembro de 2018 Em falta ou vazio |t\u00edtulo= (ajuda)<br \/>\n\u2191 \u00abPenedo, em Alagoas, atrai amantes de hist\u00f3ria e turistas religiosos &#8211; Guia de Viagem &#8211; UOL Viagem\u00bb. UOL Viagem. Consultado em 10 de maio de 2016<br \/>\n\u2191 Institutuo do Patrim\u00f4nio Hist\u00f3rico e Art\u00edsitico Nacional, (IPHAN). \u00abConjuntos urbanos tombados\u00bb. Instituto do Patrim\u00f4nio Hist\u00f3rico e Art\u00edstico Nacional. Consultado em 9 de fevereiro de 2021<br \/>\n\u2191 Ir para:a b \u00abCidade de Penedo (AL) \u00e9 uma das mais antigas do Brasil\u00bb[liga\u00e7\u00e3o inativa] &#8211; Via Brasil, 3 de abril de 2010 (visitado em 9-4-2010)<\/p>\n<p>&nbsp;<\/p>\n<p>Fonte: <strong>https:\/\/pt.wikipedia.org\/wiki\/Ficheiro:Penedo_(AL).tif<\/strong><\/p>\n","protected":false},"excerpt":{"rendered":"<p>O nome Penedo originou-se de a grande pedra. O povoado, fundado por Duarte Coelho de Albuquerque (filho de Duarte Coelho Pereira), das principais cidades hist\u00f3ricas do Brasil, foi elevado a vila de S\u00e3o Francisco em 1636 e em fins do s\u00e9culo XIX passou a ser denominada Penedo do Rio S\u00e3o Francisco. Sua arquitetura atrai turistas &hellip;<\/p>\n","protected":false},"author":1,"featured_media":2628,"comment_status":"closed","ping_status":"closed","sticky":false,"template":"","format":"standard","meta":{"_jetpack_newsletter_access":"","_jetpack_dont_email_post_to_subs":false,"_jetpack_newsletter_tier_id":0,"_jetpack_memberships_contains_paywalled_content":false,"_jetpack_memberships_contains_paid_content":false,"footnotes":""},"categories":[1],"tags":[],"class_list":["post-14556","post","type-post","status-publish","format-standard","has-post-thumbnail","hentry","category-destaque"],"jetpack_sharing_enabled":true,"jetpack_featured_media_url":"","_links":{"self":[{"href":"https:\/\/www.oparanews.com.br\/index.php\/wp-json\/wp\/v2\/posts\/14556","targetHints":{"allow":["GET"]}}],"collection":[{"href":"https:\/\/www.oparanews.com.br\/index.php\/wp-json\/wp\/v2\/posts"}],"about":[{"href":"https:\/\/www.oparanews.com.br\/index.php\/wp-json\/wp\/v2\/types\/post"}],"author":[{"embeddable":true,"href":"https:\/\/www.oparanews.com.br\/index.php\/wp-json\/wp\/v2\/users\/1"}],"replies":[{"embeddable":true,"href":"https:\/\/www.oparanews.com.br\/index.php\/wp-json\/wp\/v2\/comments?post=14556"}],"version-history":[{"count":0,"href":"https:\/\/www.oparanews.com.br\/index.php\/wp-json\/wp\/v2\/posts\/14556\/revisions"}],"wp:attachment":[{"href":"https:\/\/www.oparanews.com.br\/index.php\/wp-json\/wp\/v2\/media?parent=14556"}],"wp:term":[{"taxonomy":"category","embeddable":true,"href":"https:\/\/www.oparanews.com.br\/index.php\/wp-json\/wp\/v2\/categories?post=14556"},{"taxonomy":"post_tag","embeddable":true,"href":"https:\/\/www.oparanews.com.br\/index.php\/wp-json\/wp\/v2\/tags?post=14556"}],"curies":[{"name":"wp","href":"https:\/\/api.w.org\/{rel}","templated":true}]}}