{"id":14563,"date":"2021-04-09T12:19:50","date_gmt":"2021-04-09T12:19:50","guid":{"rendered":"https:\/\/oparanews.com.br\/?p=14563"},"modified":"2021-04-09T12:19:50","modified_gmt":"2021-04-09T12:19:50","slug":"camara-municipal-de-penedo-aprova-homenagem-a-alexandre-toledo","status":"publish","type":"post","link":"https:\/\/www.oparanews.com.br\/index.php\/2021\/04\/09\/camara-municipal-de-penedo-aprova-homenagem-a-alexandre-toledo\/","title":{"rendered":"C\u00e2mara Municipal de Penedo aprova homenagem a Alexandre Toledo"},"content":{"rendered":"<p>O empres\u00e1rio e ex-prefeito de Penedo Alexandre Toledo ter\u00e1 seu nome identificando a avenida Beira Rio e a \u00e1rea de esporte e lazer da orla da cidade onde constituiu fam\u00edlia e administrou uma ind\u00fastria de a\u00e7\u00facar e \u00e1lcool e a prefeitura.<\/p>\n<p>A homenagem ao pol\u00edtico e administrador que faleceu em 30 de mar\u00e7o, quase 60 dias ap\u00f3s ter sido internado em fun\u00e7\u00e3o da Covid-19, foi apresentada pelo Vereador Valdinho Monteiro na C\u00e2mara Municipal de Penedo (CMP).<\/p>\n<p>\u201c\u00c9 dif\u00edcil perder um ente querido e n\u00e3o lembrar dele com emo\u00e7\u00e3o\u201d, declarou Valdinho em seu pronunciamento sobre as virtudes pessoais e profissionais de Alexandre Toledo, l\u00edder que despertou no vereador o interesse pela pol\u00edtica.<\/p>\n<p>O legado de Alexandre Toledo tamb\u00e9m foi destacado por todos os parlamentares durante a sess\u00e3o realizada por meio de videoconfer\u00eancia, modelo adotado pela CMP para manter as atividades legislativas, seguindo os protocolos sanit\u00e1rios em vigor.<\/p>\n<p>O Presidente Ant\u00f4nio de Figueiredo Barbosa J\u00fanior (J\u00fanior do T\u00f3) disse que Alexandre Toledo foi um homem \u00edntegro e pol\u00edtico extraordin\u00e1rio, figura p\u00fablica que influencia comportamentos at\u00e9 mesmo depois de sua morte.<\/p>\n<p>J\u00fanior do T\u00f3 comentou que pessoas que lhe disseram ter adotado medidas de preven\u00e7\u00e3o e passaram a acreditar na letalidade do coronav\u00edrus ap\u00f3s a perda do ex-prefeito de Penedo, deputado federal e secret\u00e1rio estadual de Sa\u00fade e de Agricultura.<\/p>\n<p><strong>\u2018seu\u2019 Assis<\/strong><\/p>\n<p>Outro logradouro p\u00fablico de Penedo que passa a ter nova denomina\u00e7\u00e3o \u00e9 a Pra\u00e7a Costa e Silva, altera\u00e7\u00e3o apresentada pelo Vereador Alcides de Andrade Neto (Cidoca).<\/p>\n<p>Ao inv\u00e9s do nome do general que foi presidente do pa\u00eds durante o regime militar que instaurou a ditadura no Brasil, ap\u00f3s o golpe de 1964, o espa\u00e7o situado na feira livre do Centro Hist\u00f3rico receber\u00e1 o nome do falecido comerciante Francisco Assis da Silva.<\/p>\n<p>Mais conhecido como \u2018seu\u2019 Assis, o homenageado faleceu em setembro de 2020, aos 84 anos. Ele foi prefeito de Porto Real do Col\u00e9gio e dedicou sua vida ao agroneg\u00f3cio, al\u00e9m de trabalhar diariamente no ponto comercial pr\u00f3ximo da pra\u00e7a que receber\u00e1 seu nome.<\/p>\n<p><strong>Academias<\/strong><\/p>\n<p>Outra mat\u00e9ria aprovada na C\u00e2mara Municipal de Penedo foi o Projeto de Lei n\u00ba 005\/2021, de autoria da Vereadora Raquel Tavares.<\/p>\n<p>O PL reconhece como essencial a pr\u00e1tica de atividades f\u00edsicas, com orienta\u00e7\u00e3o profissional, em locais privados para a realiza\u00e7\u00e3o de exerc\u00edcios f\u00edsicos e tamb\u00e9m em ambientes p\u00fablicos adequados.<\/p>\n<p>O reconhecimento da condi\u00e7\u00e3o de essencial para o desenvolvimento de atividades f\u00edsicas est\u00e1 relacionado com os benef\u00edcios \u00e0s pessoas durante situa\u00e7\u00f5es de emerg\u00eancia sanit\u00e1ria, a exemplo da atual pandemia de Covid-19.<\/p>\n<p>Outro projeto pautado na sess\u00e3o desta quinta-feira, 09, foi a solicita\u00e7\u00e3o do Poder Executivo Municipal para incluir Penedo no Cons\u00f3rcio P\u00fablico para Gest\u00e3o de Energia El\u00e9trica e Servi\u00e7os P\u00fablicos (CIGIP\/AL), mat\u00e9ria que o vereador Valdinho Monteiro pediu vista.<\/p>\n<p>&nbsp;<\/p>\n<p><strong>por Fernando Vin\u00edcius \u2013 Ascom CMP<\/strong><\/p>\n<p>&nbsp;<\/p>\n","protected":false},"excerpt":{"rendered":"<p>O empres\u00e1rio e ex-prefeito de Penedo Alexandre Toledo ter\u00e1 seu nome identificando a avenida Beira Rio e a \u00e1rea de esporte e lazer da orla da cidade onde constituiu fam\u00edlia e administrou uma ind\u00fastria de a\u00e7\u00facar e \u00e1lcool e a prefeitura. A homenagem ao pol\u00edtico e administrador que faleceu em 30 de mar\u00e7o, quase 60 &hellip;<\/p>\n","protected":false},"author":1,"featured_media":14564,"comment_status":"closed","ping_status":"closed","sticky":false,"template":"","format":"standard","meta":{"_jetpack_newsletter_access":"","_jetpack_dont_email_post_to_subs":false,"_jetpack_newsletter_tier_id":0,"_jetpack_memberships_contains_paywalled_content":false,"_jetpack_memberships_contains_paid_content":false,"footnotes":""},"categories":[1],"tags":[],"class_list":["post-14563","post","type-post","status-publish","format-standard","has-post-thumbnail","hentry","category-destaque"],"jetpack_sharing_enabled":true,"jetpack_featured_media_url":"","_links":{"self":[{"href":"https:\/\/www.oparanews.com.br\/index.php\/wp-json\/wp\/v2\/posts\/14563","targetHints":{"allow":["GET"]}}],"collection":[{"href":"https:\/\/www.oparanews.com.br\/index.php\/wp-json\/wp\/v2\/posts"}],"about":[{"href":"https:\/\/www.oparanews.com.br\/index.php\/wp-json\/wp\/v2\/types\/post"}],"author":[{"embeddable":true,"href":"https:\/\/www.oparanews.com.br\/index.php\/wp-json\/wp\/v2\/users\/1"}],"replies":[{"embeddable":true,"href":"https:\/\/www.oparanews.com.br\/index.php\/wp-json\/wp\/v2\/comments?post=14563"}],"version-history":[{"count":0,"href":"https:\/\/www.oparanews.com.br\/index.php\/wp-json\/wp\/v2\/posts\/14563\/revisions"}],"wp:attachment":[{"href":"https:\/\/www.oparanews.com.br\/index.php\/wp-json\/wp\/v2\/media?parent=14563"}],"wp:term":[{"taxonomy":"category","embeddable":true,"href":"https:\/\/www.oparanews.com.br\/index.php\/wp-json\/wp\/v2\/categories?post=14563"},{"taxonomy":"post_tag","embeddable":true,"href":"https:\/\/www.oparanews.com.br\/index.php\/wp-json\/wp\/v2\/tags?post=14563"}],"curies":[{"name":"wp","href":"https:\/\/api.w.org\/{rel}","templated":true}]}}