{"id":14566,"date":"2021-04-09T16:27:37","date_gmt":"2021-04-09T16:27:37","guid":{"rendered":"https:\/\/oparanews.com.br\/?p=14566"},"modified":"2021-04-09T16:27:37","modified_gmt":"2021-04-09T16:27:37","slug":"vacinacao-contra-a-covid-19-reduz-risco-de-internacao-hospitalar-de-idosos","status":"publish","type":"post","link":"https:\/\/www.oparanews.com.br\/index.php\/2021\/04\/09\/vacinacao-contra-a-covid-19-reduz-risco-de-internacao-hospitalar-de-idosos\/","title":{"rendered":"Vacina\u00e7\u00e3o contra a Covid-19 reduz risco de interna\u00e7\u00e3o hospitalar de idosos"},"content":{"rendered":"<p>A continuidade da vacina\u00e7\u00e3o contra a Covid-19 em Alagoas apresenta resultados positivos, a exemplo da redu\u00e7\u00e3o da taxa de interna\u00e7\u00e3o hospitalar de idosos diagnosticados com a doen\u00e7a. Desde o in\u00edcio da vacina\u00e7\u00e3o em Alagoas, 428.089 doses foram aplicadas e, desse total, o p\u00fablico vacinado, em quase 70%, foi de idosos acima dos 60 anos.<\/p>\n<p>Com a imuniza\u00e7\u00e3o da popula\u00e7\u00e3o mais idosa em Alagoas, a taxa do risco de interna\u00e7\u00e3o dos idosos acima de 80 anos sofreu uma queda nas unidades hospitalares geridas pela Secretaria de Estado da Sa\u00fade (Sesau). O \u00edndice, que era de 17,31% no dia 23 de mar\u00e7o, caiu para 11,46% na \u00faltima ter\u00e7a-feira (6).<\/p>\n<p>De acordo com Marcos Ramalho, diretor do Hospital Metropolitano de Alagoas (HMA) e secret\u00e1rio Executivo de A\u00e7\u00f5es de Sa\u00fade da Sesau, s\u00e3o os pacientes dessa faixa et\u00e1ria que mais precisam de aten\u00e7\u00e3o e cuidados durante o tratamento da Covid-19. Isso porque, segundo ele, as pessoas com 80 anos ou mais apresentam uma r\u00e1pida piora no quadro de sa\u00fade e precisarem de mais leitos em Unidades de Terapia Intensiva (UTI).<\/p>\n<p>\u201cA vacina\u00e7\u00e3o dos idosos est\u00e1 se mostrando muito assertiva, porque s\u00e3o esses pacientes que, prioritariamente, demandam mais leitos de interna\u00e7\u00e3o e, consequentemente, vagas em UTIs [Unidades de Terapia Intensivas]. Nessas \u00faltimas tr\u00eas semanas, conseguimos observar uma redu\u00e7\u00e3o no n\u00famero de interna\u00e7\u00f5es dos idosos em toda a rede hospitalar. Esses dados comprovam que \u00e9 a vacina\u00e7\u00e3o em massa da popula\u00e7\u00e3o que vai nos tirar dessa crise sanit\u00e1ria\u201d, afirmou o m\u00e9dico.<\/p>\n<p>Outro reflexo ben\u00e9fico da vacina\u00e7\u00e3o dos idosos contra o novo coronav\u00edrus para o sistema p\u00fablico de sa\u00fade \u00e9 a queda nos casos confirmados e hospitalizados de Covid-19. O n\u00famero passou de 401 casos, no dia 23 de mar\u00e7o, para 366. No grupo de idosos acima de 80 anos, os casos confirmados e internados ca\u00edram 33,80%.<\/p>\n<p>No in\u00edcio desta semana, o secret\u00e1rio de Estado da Sa\u00fade, Alexandre Ayres, j\u00e1 havia informado aos munic\u00edpios alagoanos, que o avan\u00e7o da imuniza\u00e7\u00e3o vem gerando resultados positivos no distensionamento da rede hospitalar. \u201cJ\u00e1 estamos sentindo uma melhora significativa na vacina\u00e7\u00e3o contra a Covid-19. Estamos presenciando uma estabiliza\u00e7\u00e3o na ocupa\u00e7\u00e3o hospitalar na rede exclusiva que atende pacientes com a Covid-19 e os n\u00fameros de casos da doen\u00e7a continuam crescendo, mas, numa propor\u00e7\u00e3o muito menor a que identificamos h\u00e1 15 dias\u201d, informou o secret\u00e1rio Alexandre Ayres aos gestores municipais.<\/p>\n<p>&nbsp;<\/p>\n<p><strong>Fonte: Ag\u00eancia Alagoas<\/strong><\/p>\n<p>&nbsp;<\/p>\n","protected":false},"excerpt":{"rendered":"<p>A continuidade da vacina\u00e7\u00e3o contra a Covid-19 em Alagoas apresenta resultados positivos, a exemplo da redu\u00e7\u00e3o da taxa de interna\u00e7\u00e3o hospitalar de idosos diagnosticados com a doen\u00e7a. Desde o in\u00edcio da vacina\u00e7\u00e3o em Alagoas, 428.089 doses foram aplicadas e, desse total, o p\u00fablico vacinado, em quase 70%, foi de idosos acima dos 60 anos. Com &hellip;<\/p>\n","protected":false},"author":1,"featured_media":14567,"comment_status":"closed","ping_status":"closed","sticky":false,"template":"","format":"standard","meta":{"_jetpack_newsletter_access":"","_jetpack_dont_email_post_to_subs":false,"_jetpack_newsletter_tier_id":0,"_jetpack_memberships_contains_paywalled_content":false,"_jetpack_memberships_contains_paid_content":false,"footnotes":""},"categories":[1],"tags":[],"class_list":["post-14566","post","type-post","status-publish","format-standard","has-post-thumbnail","hentry","category-destaque"],"jetpack_sharing_enabled":true,"jetpack_featured_media_url":"","_links":{"self":[{"href":"https:\/\/www.oparanews.com.br\/index.php\/wp-json\/wp\/v2\/posts\/14566","targetHints":{"allow":["GET"]}}],"collection":[{"href":"https:\/\/www.oparanews.com.br\/index.php\/wp-json\/wp\/v2\/posts"}],"about":[{"href":"https:\/\/www.oparanews.com.br\/index.php\/wp-json\/wp\/v2\/types\/post"}],"author":[{"embeddable":true,"href":"https:\/\/www.oparanews.com.br\/index.php\/wp-json\/wp\/v2\/users\/1"}],"replies":[{"embeddable":true,"href":"https:\/\/www.oparanews.com.br\/index.php\/wp-json\/wp\/v2\/comments?post=14566"}],"version-history":[{"count":0,"href":"https:\/\/www.oparanews.com.br\/index.php\/wp-json\/wp\/v2\/posts\/14566\/revisions"}],"wp:attachment":[{"href":"https:\/\/www.oparanews.com.br\/index.php\/wp-json\/wp\/v2\/media?parent=14566"}],"wp:term":[{"taxonomy":"category","embeddable":true,"href":"https:\/\/www.oparanews.com.br\/index.php\/wp-json\/wp\/v2\/categories?post=14566"},{"taxonomy":"post_tag","embeddable":true,"href":"https:\/\/www.oparanews.com.br\/index.php\/wp-json\/wp\/v2\/tags?post=14566"}],"curies":[{"name":"wp","href":"https:\/\/api.w.org\/{rel}","templated":true}]}}