{"id":14578,"date":"2021-04-09T17:07:00","date_gmt":"2021-04-09T17:07:00","guid":{"rendered":"https:\/\/oparanews.com.br\/?p=14578"},"modified":"2021-04-09T17:07:00","modified_gmt":"2021-04-09T17:07:00","slug":"doria-libera-o-retorno-do-paulistao-ja-neste-fim-de-semana","status":"publish","type":"post","link":"https:\/\/www.oparanews.com.br\/index.php\/2021\/04\/09\/doria-libera-o-retorno-do-paulistao-ja-neste-fim-de-semana\/","title":{"rendered":"Doria libera o retorno do Paulist\u00e3o j\u00e1 neste fim de semana"},"content":{"rendered":"<p>O governador Jo\u00e3o Doria vai liberar o futebol no Estado de S\u00e3o Paulo nesta sexta-feira, em sua entrevista oficial no Pal\u00e1cio dos Bandeirantes. Assim, ele acata a decis\u00e3o do Minist\u00e9rio P\u00fablico de antecipar o prazo de restri\u00e7\u00f5es ao futebol que iria at\u00e9 dia 11, com possibilidade de ser esticado em fun\u00e7\u00e3o do n\u00famero de mortes por covid-19 no Estado. Jo\u00e3o Doria disse que a decis\u00e3o foi passada a ele pelo MP depois de v\u00e1rias reuni\u00f5es com membros da Federa\u00e7\u00e3o Paulista de Futebol e m\u00e9dicos especialistas no combate \u00e0 doen\u00e7a. Dessa forma, o Paulist\u00e3o volta a poder ser disputado j\u00e1 a partir deste fim de semana.<\/p>\n<p>Os clubes continuaram treinando em seus respectivos CTs. A FPF tentou levar alguns jogos para outros Estados, como Rio de Janeiro e Minas Gerais. Alguns foram realizados. Outros n\u00e3o. A FPF vai divulgar um novo calend\u00e1rio das partidas de modo a tentar fazer a final na data marcada, 23 de maio. Jo\u00e3o Doria deu a informa\u00e7\u00e3o primeiramente para a R\u00e1dio CBN, na manh\u00e3 desta sexta-feira.<\/p>\n<p>&#8220;Eu amo futebol, adoro futebol, sou torcedor do Santos Futebol Clube e tenho muita paix\u00e3o pelo futebol, gosto de jogar e de assistir. Mas quem toma a decis\u00e3o \u00e9 o Centro de Conting\u00eancia da covid-19 e, neste caso, juntamente com o Minist\u00e9rio P\u00fablico [MP-SP], porque houve uma manifesta\u00e7\u00e3o feita h\u00e1 duas semanas pelo MP-SP, sugerindo que o governo do estado suspendesse os jogos da Federa\u00e7\u00e3o Paulista de Futebol [FPF]&#8221;, afirmou Doria.<\/p>\n<p>&#8220;Ontem, no in\u00edcio da noite, o MP, depois de v\u00e1rias reuni\u00f5es com a FPF e com a participa\u00e7\u00e3o do coordenador do centro de conting\u00eancia, doutor Paulo Menezes, tomou a decis\u00e3o de liberar os jogos do Campeonato Paulista. Isso ser\u00e1 anunciado hoje oficialmente na coletiva de imprensa&#8221;, completou o governador.<\/p>\n<p>&nbsp;<\/p>\n<p><strong>Fonte: Terra<\/strong><\/p>\n<p>&nbsp;<\/p>\n","protected":false},"excerpt":{"rendered":"<p>O governador Jo\u00e3o Doria vai liberar o futebol no Estado de S\u00e3o Paulo nesta sexta-feira, em sua entrevista oficial no Pal\u00e1cio dos Bandeirantes. Assim, ele acata a decis\u00e3o do Minist\u00e9rio P\u00fablico de antecipar o prazo de restri\u00e7\u00f5es ao futebol que iria at\u00e9 dia 11, com possibilidade de ser esticado em fun\u00e7\u00e3o do n\u00famero de mortes &hellip;<\/p>\n","protected":false},"author":1,"featured_media":14579,"comment_status":"closed","ping_status":"closed","sticky":false,"template":"","format":"standard","meta":{"_jetpack_newsletter_access":"","_jetpack_dont_email_post_to_subs":false,"_jetpack_newsletter_tier_id":0,"_jetpack_memberships_contains_paywalled_content":false,"_jetpack_memberships_contains_paid_content":false,"footnotes":""},"categories":[1],"tags":[],"class_list":["post-14578","post","type-post","status-publish","format-standard","has-post-thumbnail","hentry","category-destaque"],"jetpack_sharing_enabled":true,"jetpack_featured_media_url":"","_links":{"self":[{"href":"https:\/\/www.oparanews.com.br\/index.php\/wp-json\/wp\/v2\/posts\/14578","targetHints":{"allow":["GET"]}}],"collection":[{"href":"https:\/\/www.oparanews.com.br\/index.php\/wp-json\/wp\/v2\/posts"}],"about":[{"href":"https:\/\/www.oparanews.com.br\/index.php\/wp-json\/wp\/v2\/types\/post"}],"author":[{"embeddable":true,"href":"https:\/\/www.oparanews.com.br\/index.php\/wp-json\/wp\/v2\/users\/1"}],"replies":[{"embeddable":true,"href":"https:\/\/www.oparanews.com.br\/index.php\/wp-json\/wp\/v2\/comments?post=14578"}],"version-history":[{"count":0,"href":"https:\/\/www.oparanews.com.br\/index.php\/wp-json\/wp\/v2\/posts\/14578\/revisions"}],"wp:attachment":[{"href":"https:\/\/www.oparanews.com.br\/index.php\/wp-json\/wp\/v2\/media?parent=14578"}],"wp:term":[{"taxonomy":"category","embeddable":true,"href":"https:\/\/www.oparanews.com.br\/index.php\/wp-json\/wp\/v2\/categories?post=14578"},{"taxonomy":"post_tag","embeddable":true,"href":"https:\/\/www.oparanews.com.br\/index.php\/wp-json\/wp\/v2\/tags?post=14578"}],"curies":[{"name":"wp","href":"https:\/\/api.w.org\/{rel}","templated":true}]}}