{"id":14584,"date":"2021-04-09T23:40:47","date_gmt":"2021-04-09T23:40:47","guid":{"rendered":"https:\/\/oparanews.com.br\/?p=14584"},"modified":"2021-04-09T23:40:47","modified_gmt":"2021-04-09T23:40:47","slug":"homossexual-e-morto-em-uniao-dos-palmares","status":"publish","type":"post","link":"https:\/\/www.oparanews.com.br\/index.php\/2021\/04\/09\/homossexual-e-morto-em-uniao-dos-palmares\/","title":{"rendered":"Homossexual \u00e9 morto em Uni\u00e3o dos Palmares"},"content":{"rendered":"<p>Um homem foi preso em flagrante na quinta-feira (8) pelo assassinato de Jos\u00e9 Aparecido Santana da Silva em Uni\u00e3o dos Palmares, Zona da Mata de Alagoas. A v\u00edtima foi enforcada com a cal\u00e7a que vestia e golpeada com fac\u00e3o no pesco\u00e7o e no tor\u00e1x. A informa\u00e7\u00e3o foi divulgada nesta sexta (9) pela Pol\u00edcia Civil.<\/p>\n<p>De acordo com a pol\u00edcia, o suspeito usou a cal\u00e7a da v\u00edtima para enforc\u00e1-la. Jos\u00e9 Aparecido, conhecido na regi\u00e3o como \u201cDil\u201d, era homossexual e foi morto na madrugada, horas antes da pris\u00e3o. Seu corpo foi encontrado durante o dia no bairro Newton Pereira, pr\u00f3ximo \u00e0 fazenda Vov\u00f3 Pakita.<\/p>\n<p>A pol\u00edcia n\u00e3o informou a motiva\u00e7\u00e3o do crime. Em depoimento, o suspeito negou que tenha cometido o assassinato.<\/p>\n<p>A pris\u00e3o do suspeito foi realizada por policiais civis da 11\u00aa Delegacia Regional de Uni\u00e3o dos Palmares (11\u00aa DRP) sob a coordena\u00e7\u00e3o do delegado Edberg Oliveira, com a participa\u00e7\u00e3o de equipes do 2\u00ba Batalh\u00e3o de Pol\u00edcia Militar da cidade.<\/p>\n<p>O homem foi preso na casa dele ap\u00f3s uma den\u00fancia an\u00f4nima, que disse quem era o autor do crime e o que ele fez com a v\u00edtima. Os policiais tamb\u00e9m fizeram buscas na casa do suspeito e apreenderam uma arma de fogo calibre 32, com duas muni\u00e7\u00f5es, roupas manchadas de sangue e o fac\u00e3o utilizado no crime.<\/p>\n<p>O preso foi levado para a delegacia de Uni\u00e3o dos Palmares, onde foi autuado por homic\u00eddio e posse irregular de arma de fogo.<\/p>\n<p>&nbsp;<\/p>\n<p><strong>Fonte: G1\/AL<\/strong><\/p>\n<p>&nbsp;<\/p>\n","protected":false},"excerpt":{"rendered":"<p>Um homem foi preso em flagrante na quinta-feira (8) pelo assassinato de Jos\u00e9 Aparecido Santana da Silva em Uni\u00e3o dos Palmares, Zona da Mata de Alagoas. A v\u00edtima foi enforcada com a cal\u00e7a que vestia e golpeada com fac\u00e3o no pesco\u00e7o e no tor\u00e1x. A informa\u00e7\u00e3o foi divulgada nesta sexta (9) pela Pol\u00edcia Civil. De &hellip;<\/p>\n","protected":false},"author":1,"featured_media":14585,"comment_status":"closed","ping_status":"closed","sticky":false,"template":"","format":"standard","meta":{"_jetpack_newsletter_access":"","_jetpack_dont_email_post_to_subs":false,"_jetpack_newsletter_tier_id":0,"_jetpack_memberships_contains_paywalled_content":false,"_jetpack_memberships_contains_paid_content":false,"footnotes":""},"categories":[1],"tags":[],"class_list":["post-14584","post","type-post","status-publish","format-standard","has-post-thumbnail","hentry","category-destaque"],"jetpack_sharing_enabled":true,"jetpack_featured_media_url":"","_links":{"self":[{"href":"https:\/\/www.oparanews.com.br\/index.php\/wp-json\/wp\/v2\/posts\/14584","targetHints":{"allow":["GET"]}}],"collection":[{"href":"https:\/\/www.oparanews.com.br\/index.php\/wp-json\/wp\/v2\/posts"}],"about":[{"href":"https:\/\/www.oparanews.com.br\/index.php\/wp-json\/wp\/v2\/types\/post"}],"author":[{"embeddable":true,"href":"https:\/\/www.oparanews.com.br\/index.php\/wp-json\/wp\/v2\/users\/1"}],"replies":[{"embeddable":true,"href":"https:\/\/www.oparanews.com.br\/index.php\/wp-json\/wp\/v2\/comments?post=14584"}],"version-history":[{"count":0,"href":"https:\/\/www.oparanews.com.br\/index.php\/wp-json\/wp\/v2\/posts\/14584\/revisions"}],"wp:attachment":[{"href":"https:\/\/www.oparanews.com.br\/index.php\/wp-json\/wp\/v2\/media?parent=14584"}],"wp:term":[{"taxonomy":"category","embeddable":true,"href":"https:\/\/www.oparanews.com.br\/index.php\/wp-json\/wp\/v2\/categories?post=14584"},{"taxonomy":"post_tag","embeddable":true,"href":"https:\/\/www.oparanews.com.br\/index.php\/wp-json\/wp\/v2\/tags?post=14584"}],"curies":[{"name":"wp","href":"https:\/\/api.w.org\/{rel}","templated":true}]}}