{"id":14587,"date":"2021-04-10T00:04:32","date_gmt":"2021-04-10T00:04:32","guid":{"rendered":"https:\/\/oparanews.com.br\/?p=14587"},"modified":"2021-04-10T00:04:32","modified_gmt":"2021-04-10T00:04:32","slug":"al-inicia-campanha-de-vacinacao-contra-influenza-dentro-de-15-dias","status":"publish","type":"post","link":"https:\/\/www.oparanews.com.br\/index.php\/2021\/04\/10\/al-inicia-campanha-de-vacinacao-contra-influenza-dentro-de-15-dias\/","title":{"rendered":"AL inicia campanha de vacina\u00e7\u00e3o contra Influenza dentro de 15 dias"},"content":{"rendered":"<p>A Secretaria de Estado da Sa\u00fade (Sesau) dar\u00e1 in\u00edcio \u00e0 campanha para vacinar os grupos priorit\u00e1rios contra a Influenza no final do m\u00eas de abril. A defini\u00e7\u00e3o ocorre por conta do quantitativo insuficiente de doses enviadas pelo Minist\u00e9rio da Sa\u00fade (MS) para Alagoas.<\/p>\n<p>De acordo com o Programa Nacional de Imuniza\u00e7\u00e3o em Alagoas (PNI\/AL), \u00f3rg\u00e3o ligado \u00e0 Sesau, para proteger o p\u00fablico alvo da primeira etapa da campanha, Alagoas necessita de 400 mil doses do imunobiol\u00f3gicos. No entanto, o Estado recebeu do Minist\u00e9rio da Sa\u00fade apenas 120 mil doses referente \u00e0 primeira parcela da primeira etapa.<\/p>\n<p>Em comunicado, o pr\u00f3prio Minist\u00e9rio da Sa\u00fade disp\u00f5e em seu site oficial que a vacina\u00e7\u00e3o contra a Influenza ser\u00e1 feita de forma escalonada, com os grupos priorit\u00e1rios sendo distribu\u00eddos em tr\u00eas etapas. Segundo o MS, os munic\u00edpios ter\u00e3o autonomia para definir as datas de mobiliza\u00e7\u00e3o (Dia D), conforme a realidade de cada regi\u00e3o.<\/p>\n<p>A campanha de vacina\u00e7\u00e3o contra a influenza busca imunizar 90% do p\u00fablico alvo que este ano s\u00e3o os idosos (a partir de 60 anos), pu\u00e9rperas, crian\u00e7as entre seis meses e menores de seis anos de idade, povos ind\u00edgenas, trabalhadores da sa\u00fade, professores, portadores de doen\u00e7as cr\u00f4nicas e pessoas com defici\u00eancia.<\/p>\n<p>Tamb\u00e9m integram o grupo, as for\u00e7as de seguran\u00e7a e salvamento, For\u00e7as Armadas, caminhoneiros, trabalhadores de transporte coletivo, trabalhadores portu\u00e1rios, funcion\u00e1rios do sistema prisional, adolescentes e jovens de 12 a 21 anos de idade sob medidas socioeducativas e popula\u00e7\u00e3o privada de liberdade.<\/p>\n<p>Covid-19 e Influenza \u2013 Tendo em vista que a imuniza\u00e7\u00e3o contra a Covid-19 avan\u00e7a no pa\u00eds, o Minist\u00e9rio da Sa\u00fade recomenda que seja respeitado um intervalo m\u00ednimo de 14 dias entre a aplica\u00e7\u00e3o das doses da Influenza e da Covid-19.<\/p>\n<p>&nbsp;<\/p>\n<p><strong>Fonte: Ascom Sesau<\/strong><\/p>\n<p>&nbsp;<\/p>\n","protected":false},"excerpt":{"rendered":"<p>A Secretaria de Estado da Sa\u00fade (Sesau) dar\u00e1 in\u00edcio \u00e0 campanha para vacinar os grupos priorit\u00e1rios contra a Influenza no final do m\u00eas de abril. A defini\u00e7\u00e3o ocorre por conta do quantitativo insuficiente de doses enviadas pelo Minist\u00e9rio da Sa\u00fade (MS) para Alagoas. De acordo com o Programa Nacional de Imuniza\u00e7\u00e3o em Alagoas (PNI\/AL), \u00f3rg\u00e3o &hellip;<\/p>\n","protected":false},"author":1,"featured_media":14588,"comment_status":"closed","ping_status":"closed","sticky":false,"template":"","format":"standard","meta":{"_jetpack_newsletter_access":"","_jetpack_dont_email_post_to_subs":false,"_jetpack_newsletter_tier_id":0,"_jetpack_memberships_contains_paywalled_content":false,"_jetpack_memberships_contains_paid_content":false,"footnotes":""},"categories":[1],"tags":[],"class_list":["post-14587","post","type-post","status-publish","format-standard","has-post-thumbnail","hentry","category-destaque"],"jetpack_sharing_enabled":true,"jetpack_featured_media_url":"","_links":{"self":[{"href":"https:\/\/www.oparanews.com.br\/index.php\/wp-json\/wp\/v2\/posts\/14587","targetHints":{"allow":["GET"]}}],"collection":[{"href":"https:\/\/www.oparanews.com.br\/index.php\/wp-json\/wp\/v2\/posts"}],"about":[{"href":"https:\/\/www.oparanews.com.br\/index.php\/wp-json\/wp\/v2\/types\/post"}],"author":[{"embeddable":true,"href":"https:\/\/www.oparanews.com.br\/index.php\/wp-json\/wp\/v2\/users\/1"}],"replies":[{"embeddable":true,"href":"https:\/\/www.oparanews.com.br\/index.php\/wp-json\/wp\/v2\/comments?post=14587"}],"version-history":[{"count":0,"href":"https:\/\/www.oparanews.com.br\/index.php\/wp-json\/wp\/v2\/posts\/14587\/revisions"}],"wp:attachment":[{"href":"https:\/\/www.oparanews.com.br\/index.php\/wp-json\/wp\/v2\/media?parent=14587"}],"wp:term":[{"taxonomy":"category","embeddable":true,"href":"https:\/\/www.oparanews.com.br\/index.php\/wp-json\/wp\/v2\/categories?post=14587"},{"taxonomy":"post_tag","embeddable":true,"href":"https:\/\/www.oparanews.com.br\/index.php\/wp-json\/wp\/v2\/tags?post=14587"}],"curies":[{"name":"wp","href":"https:\/\/api.w.org\/{rel}","templated":true}]}}