{"id":14596,"date":"2021-04-10T23:28:07","date_gmt":"2021-04-10T23:28:07","guid":{"rendered":"https:\/\/oparanews.com.br\/?p=14596"},"modified":"2021-04-10T23:28:07","modified_gmt":"2021-04-10T23:28:07","slug":"alagoas-confirma-614-casos-e-24-mortes-por-covid-19","status":"publish","type":"post","link":"https:\/\/www.oparanews.com.br\/index.php\/2021\/04\/10\/alagoas-confirma-614-casos-e-24-mortes-por-covid-19\/","title":{"rendered":"Alagoas confirma 614 casos e 24 mortes por Covid-19"},"content":{"rendered":"<p>Alagoas confirmou 614 novos casos e mais 24 mortes por Covid-19, segundo o boletim epidemiol\u00f3gico da Secretaria de Estado da Sa\u00fade (Sesau) deste s\u00e1bado (10).<\/p>\n<p>O estado registrou 160.125 casos confirmados e 3.780 \u00f3bitos causados pela doen\u00e7a.<\/p>\n<p>H\u00e1 9.445 casos suspeitos, que s\u00e3o de pacientes que fizeram exames e aguardam resultado.<\/p>\n<p>Dos casos confirmados desde o come\u00e7o da pandemia, 152.224 pessoas se recuperaram, e 3.312 est\u00e3o em tratamento, em isolamento domiciliar.<\/p>\n<p>A taxa de ocupa\u00e7\u00e3o dos leitos de UTI no estado \u00e9 de 85%. Em Macei\u00f3, a ocupa\u00e7\u00e3o de UTI \u00e9 de 89%.<\/p>\n<p><strong>Mais 24 mortes por Covid-19<\/strong><\/p>\n<p>Macei\u00f3: Homem, 44 anos \u2013 obeso<br \/>\nMacei\u00f3: Homem, 51 anos \u2013 hipertenso<br \/>\nMacei\u00f3: Homem, 53 anos \u2013 sem comorbidades<br \/>\nMacei\u00f3: Homem, 55 anos \u2013 diab\u00e9tico, hipertenso e obeso<br \/>\nMacei\u00f3: Homem, 70 anos \u2013 imunossuprimido<br \/>\nMacei\u00f3: Homem, 74 anos \u2013 diab\u00e9tico, hipertenso e sequelas de um Acidente Vascular Encef\u00e1lico (AVE)<br \/>\nMacei\u00f3: Homem, 81 anos \u2013 hipertenso<br \/>\nMacei\u00f3: Mulher, 42 anos \u2013 imunossuprimida<br \/>\nMacei\u00f3: Mulher, 49 anos \u2013 sem comorbidades<br \/>\nMacei\u00f3: Mulher, 54 anos \u2013 sem comorbidades<br \/>\nMacei\u00f3: Mulher, 55 anos \u2013 hipertensa, diab\u00e9tica e obesa<br \/>\nMacei\u00f3: Mulher, 70 anos \u2013 hipertensa &#8211; morreu em casa<br \/>\nMacei\u00f3: Mulher, 70 anos \u2013 sem comorbidades<br \/>\nMacei\u00f3: Mulher, 73 anos \u2013 hipertensa e insufici\u00eancia renal aguda<br \/>\nAnadia: Homem, 76 anos \u2013 doen\u00e7a cardiovascular<br \/>\nAnadia: Mulher, 78 anos \u2013 hipertensa e diab\u00e9tica<br \/>\nS\u00e3o Miguel dos Campos: Mulher, 34 anos \u2013 doen\u00e7a cardiovascular<br \/>\nS\u00e3o Miguel dos Campos: Homem, 71 anos \u2013 hipertenso e diab\u00e9tico<br \/>\nRio Largo: Homem, 69 anos \u2013 sem comorbidades<br \/>\nRio Largo: Mulher, 45 anos \u2013 obesa<br \/>\nPorto Calvo: Homem, 37 anos \u2013 hipertenso, diab\u00e9tico e esquizofr\u00eanico<br \/>\nAtalaia: Homem, 77 anos \u2013 sem comorbidades<br \/>\nBoca da Mata: Mulher, 65 anos \u2013 sem comorbidades<br \/>\nDelmiro Gouveia: Mulher, 94 anos \u2013 hipertensa e diab\u00e9tica<\/p>\n<p>&nbsp;<\/p>\n<p><strong>Fonte: G1\/AL<\/strong><\/p>\n<p>&nbsp;<\/p>\n","protected":false},"excerpt":{"rendered":"<p>Alagoas confirmou 614 novos casos e mais 24 mortes por Covid-19, segundo o boletim epidemiol\u00f3gico da Secretaria de Estado da Sa\u00fade (Sesau) deste s\u00e1bado (10). O estado registrou 160.125 casos confirmados e 3.780 \u00f3bitos causados pela doen\u00e7a. H\u00e1 9.445 casos suspeitos, que s\u00e3o de pacientes que fizeram exames e aguardam resultado. Dos casos confirmados desde &hellip;<\/p>\n","protected":false},"author":1,"featured_media":5161,"comment_status":"closed","ping_status":"closed","sticky":false,"template":"","format":"standard","meta":{"_jetpack_newsletter_access":"","_jetpack_dont_email_post_to_subs":false,"_jetpack_newsletter_tier_id":0,"_jetpack_memberships_contains_paywalled_content":false,"_jetpack_memberships_contains_paid_content":false,"footnotes":""},"categories":[1],"tags":[],"class_list":["post-14596","post","type-post","status-publish","format-standard","has-post-thumbnail","hentry","category-destaque"],"jetpack_sharing_enabled":true,"jetpack_featured_media_url":"","_links":{"self":[{"href":"https:\/\/www.oparanews.com.br\/index.php\/wp-json\/wp\/v2\/posts\/14596","targetHints":{"allow":["GET"]}}],"collection":[{"href":"https:\/\/www.oparanews.com.br\/index.php\/wp-json\/wp\/v2\/posts"}],"about":[{"href":"https:\/\/www.oparanews.com.br\/index.php\/wp-json\/wp\/v2\/types\/post"}],"author":[{"embeddable":true,"href":"https:\/\/www.oparanews.com.br\/index.php\/wp-json\/wp\/v2\/users\/1"}],"replies":[{"embeddable":true,"href":"https:\/\/www.oparanews.com.br\/index.php\/wp-json\/wp\/v2\/comments?post=14596"}],"version-history":[{"count":0,"href":"https:\/\/www.oparanews.com.br\/index.php\/wp-json\/wp\/v2\/posts\/14596\/revisions"}],"wp:attachment":[{"href":"https:\/\/www.oparanews.com.br\/index.php\/wp-json\/wp\/v2\/media?parent=14596"}],"wp:term":[{"taxonomy":"category","embeddable":true,"href":"https:\/\/www.oparanews.com.br\/index.php\/wp-json\/wp\/v2\/categories?post=14596"},{"taxonomy":"post_tag","embeddable":true,"href":"https:\/\/www.oparanews.com.br\/index.php\/wp-json\/wp\/v2\/tags?post=14596"}],"curies":[{"name":"wp","href":"https:\/\/api.w.org\/{rel}","templated":true}]}}