{"id":14598,"date":"2021-04-10T23:29:36","date_gmt":"2021-04-10T23:29:36","guid":{"rendered":"https:\/\/oparanews.com.br\/?p=14598"},"modified":"2021-04-10T23:29:36","modified_gmt":"2021-04-10T23:29:36","slug":"ex-vice-prefeito-e-ex-deputado-alberto-sextafeira-morre-de-covid-19-em-maceio","status":"publish","type":"post","link":"https:\/\/www.oparanews.com.br\/index.php\/2021\/04\/10\/ex-vice-prefeito-e-ex-deputado-alberto-sextafeira-morre-de-covid-19-em-maceio\/","title":{"rendered":"Ex-vice-prefeito e ex-deputado, Alberto Sextafeira morre de Covid-19 em Macei\u00f3"},"content":{"rendered":"<p>Alberto Jos\u00e9 Mendon\u00e7a Cavalcante, o Alberto Sextafeira, morreu de Covid-19 em um hospital privado de Macei\u00f3 neste s\u00e1bado (10). A informa\u00e7\u00e3o foi confirmada pela fam\u00edlia.<\/p>\n<p>Sextafeira foi vereador e vice-prefeito de Macei\u00f3 e deputado estadual. Ele nasceu na capital e completou 67 anos no m\u00eas de mar\u00e7o. Era engenheiro civil, e antes de entrar para a pol\u00edtica, foi diretor geral da ent\u00e3o Escola T\u00e9cnica Federal de Alagoas (Etafal), atual Ifal.<\/p>\n<p>Alberto Sextafeira deixa esposa e tr\u00eas filhos.<\/p>\n<p>A Assembleia Legislativa de Alagoas e a C\u00e2mara Municipal de Macei\u00f3 emitiram notas de pesar.<\/p>\n<p>A C\u00e2mara de Vereadores de Macei\u00f3 lamenta a morte de Alberto Cavalcante &#8211; o Alberto Sextafeira. Ex- vereador da capital \u00e9 mais uma v\u00edtima de complica\u00e7\u00f5es da Covid-19. O presidente vereador Galba Netto (MDB) destacou sua capacidade de fazer amigos e ter se projetado na vida p\u00fablica priorizando o di\u00e1logo.<\/p>\n<p>&#8220;Era uma pessoa muito boa. Uma pena o que ocorreu. Em nome da C\u00e2mara fica o reconhecimento de sua contribui\u00e7\u00e3o como homem p\u00fablico. A toda sua fam\u00edlia e amigos nossos sinceros sentimentos&#8221;, lamentou Galba Netto.<\/p>\n<p>&nbsp;<\/p>\n<p><strong>Fonte: G1\/AL<\/strong><\/p>\n<p>&nbsp;<\/p>\n","protected":false},"excerpt":{"rendered":"<p>Alberto Jos\u00e9 Mendon\u00e7a Cavalcante, o Alberto Sextafeira, morreu de Covid-19 em um hospital privado de Macei\u00f3 neste s\u00e1bado (10). A informa\u00e7\u00e3o foi confirmada pela fam\u00edlia. Sextafeira foi vereador e vice-prefeito de Macei\u00f3 e deputado estadual. Ele nasceu na capital e completou 67 anos no m\u00eas de mar\u00e7o. Era engenheiro civil, e antes de entrar para &hellip;<\/p>\n","protected":false},"author":1,"featured_media":14599,"comment_status":"closed","ping_status":"closed","sticky":false,"template":"","format":"standard","meta":{"_jetpack_newsletter_access":"","_jetpack_dont_email_post_to_subs":false,"_jetpack_newsletter_tier_id":0,"_jetpack_memberships_contains_paywalled_content":false,"_jetpack_memberships_contains_paid_content":false,"footnotes":""},"categories":[1],"tags":[],"class_list":["post-14598","post","type-post","status-publish","format-standard","has-post-thumbnail","hentry","category-destaque"],"jetpack_sharing_enabled":true,"jetpack_featured_media_url":"","_links":{"self":[{"href":"https:\/\/www.oparanews.com.br\/index.php\/wp-json\/wp\/v2\/posts\/14598","targetHints":{"allow":["GET"]}}],"collection":[{"href":"https:\/\/www.oparanews.com.br\/index.php\/wp-json\/wp\/v2\/posts"}],"about":[{"href":"https:\/\/www.oparanews.com.br\/index.php\/wp-json\/wp\/v2\/types\/post"}],"author":[{"embeddable":true,"href":"https:\/\/www.oparanews.com.br\/index.php\/wp-json\/wp\/v2\/users\/1"}],"replies":[{"embeddable":true,"href":"https:\/\/www.oparanews.com.br\/index.php\/wp-json\/wp\/v2\/comments?post=14598"}],"version-history":[{"count":0,"href":"https:\/\/www.oparanews.com.br\/index.php\/wp-json\/wp\/v2\/posts\/14598\/revisions"}],"wp:attachment":[{"href":"https:\/\/www.oparanews.com.br\/index.php\/wp-json\/wp\/v2\/media?parent=14598"}],"wp:term":[{"taxonomy":"category","embeddable":true,"href":"https:\/\/www.oparanews.com.br\/index.php\/wp-json\/wp\/v2\/categories?post=14598"},{"taxonomy":"post_tag","embeddable":true,"href":"https:\/\/www.oparanews.com.br\/index.php\/wp-json\/wp\/v2\/tags?post=14598"}],"curies":[{"name":"wp","href":"https:\/\/api.w.org\/{rel}","templated":true}]}}