{"id":14601,"date":"2021-04-10T23:34:08","date_gmt":"2021-04-10T23:34:08","guid":{"rendered":"https:\/\/oparanews.com.br\/?p=14601"},"modified":"2021-04-10T23:34:08","modified_gmt":"2021-04-10T23:34:08","slug":"crb-enfrenta-o-bahia-na-proxima-fase-do-nordestao","status":"publish","type":"post","link":"https:\/\/www.oparanews.com.br\/index.php\/2021\/04\/10\/crb-enfrenta-o-bahia-na-proxima-fase-do-nordestao\/","title":{"rendered":"CRB enfrenta o Bahia na pr\u00f3xima fase do Nordest\u00e3o"},"content":{"rendered":"<p>Pela \u00faltima rodada da fase de grupos da Copa do Nordeste, j\u00e1 classificado para as quartas de final, o CRB ficou no empate com o Altos-PI, por 1 a 1, na tarde deste s\u00e1bado (10), no Est\u00e1dio Rei Pel\u00e9, em Macei\u00f3. O Galo brigava para assumir a lideran\u00e7a do Grupo A, mas terminou esta fase na terceira posi\u00e7\u00e3o, pois Cear\u00e1 e Bahia venceram seus respectivos jogos e acabaram em 1\u00ba e em 2\u00ba lugares, respectivamente. Assim, na pr\u00f3xima fase o CRB vai enfrentar o Bahia, fora de casa.<\/p>\n<p>E o Jacar\u00e9, no Grupo B, buscava garantir a vaga no mata-mata do Nordest\u00e3o e acabou em terceiro lugar, tamb\u00e9m garantindo a classifica\u00e7\u00e3o, e pegar\u00e1 o Vit\u00f3ria na pr\u00f3xima fase.<\/p>\n<p>O CRB fez o seu gol com Diego Torres, logo no comecinho do 2\u00ba tempo. J\u00e1 o Altos marcou com Lucas Campos, tamb\u00e9m na segunda etapa, aos 28 minutos.<\/p>\n<p>Agora o Galo d\u00e1 uma pausa no Nordest\u00e3o e foca na partida mata-mata pela Copa do Brasil, em sua segunda fase, que ser\u00e1 disputada no dia 13 (ter\u00e7a-feira), \u00e0s 16h45, contra o Paysandu, na Curuzu-PA. E o Altos encara o Picos, na quarta-feira (14), \u00e0s 15h45, pelo Campeonato Piauiense.<\/p>\n<p>&nbsp;<\/p>\n<p><strong>Fonte: Gazetaweb<\/strong><\/p>\n<p>&nbsp;<\/p>\n","protected":false},"excerpt":{"rendered":"<p>Pela \u00faltima rodada da fase de grupos da Copa do Nordeste, j\u00e1 classificado para as quartas de final, o CRB ficou no empate com o Altos-PI, por 1 a 1, na tarde deste s\u00e1bado (10), no Est\u00e1dio Rei Pel\u00e9, em Macei\u00f3. O Galo brigava para assumir a lideran\u00e7a do Grupo A, mas terminou esta fase &hellip;<\/p>\n","protected":false},"author":1,"featured_media":14602,"comment_status":"closed","ping_status":"closed","sticky":false,"template":"","format":"standard","meta":{"_jetpack_newsletter_access":"","_jetpack_dont_email_post_to_subs":false,"_jetpack_newsletter_tier_id":0,"_jetpack_memberships_contains_paywalled_content":false,"_jetpack_memberships_contains_paid_content":false,"footnotes":""},"categories":[1],"tags":[],"class_list":["post-14601","post","type-post","status-publish","format-standard","has-post-thumbnail","hentry","category-destaque"],"jetpack_sharing_enabled":true,"jetpack_featured_media_url":"","_links":{"self":[{"href":"https:\/\/www.oparanews.com.br\/index.php\/wp-json\/wp\/v2\/posts\/14601","targetHints":{"allow":["GET"]}}],"collection":[{"href":"https:\/\/www.oparanews.com.br\/index.php\/wp-json\/wp\/v2\/posts"}],"about":[{"href":"https:\/\/www.oparanews.com.br\/index.php\/wp-json\/wp\/v2\/types\/post"}],"author":[{"embeddable":true,"href":"https:\/\/www.oparanews.com.br\/index.php\/wp-json\/wp\/v2\/users\/1"}],"replies":[{"embeddable":true,"href":"https:\/\/www.oparanews.com.br\/index.php\/wp-json\/wp\/v2\/comments?post=14601"}],"version-history":[{"count":0,"href":"https:\/\/www.oparanews.com.br\/index.php\/wp-json\/wp\/v2\/posts\/14601\/revisions"}],"wp:attachment":[{"href":"https:\/\/www.oparanews.com.br\/index.php\/wp-json\/wp\/v2\/media?parent=14601"}],"wp:term":[{"taxonomy":"category","embeddable":true,"href":"https:\/\/www.oparanews.com.br\/index.php\/wp-json\/wp\/v2\/categories?post=14601"},{"taxonomy":"post_tag","embeddable":true,"href":"https:\/\/www.oparanews.com.br\/index.php\/wp-json\/wp\/v2\/tags?post=14601"}],"curies":[{"name":"wp","href":"https:\/\/api.w.org\/{rel}","templated":true}]}}