{"id":14610,"date":"2021-04-10T23:53:54","date_gmt":"2021-04-10T23:53:54","guid":{"rendered":"https:\/\/oparanews.com.br\/?p=14610"},"modified":"2021-04-10T23:53:54","modified_gmt":"2021-04-10T23:53:54","slug":"brasil-ultrapassa-350-mil-mortes-por-covid","status":"publish","type":"post","link":"https:\/\/www.oparanews.com.br\/index.php\/2021\/04\/10\/brasil-ultrapassa-350-mil-mortes-por-covid\/","title":{"rendered":"Brasil ultrapassa 350 mil mortes por Covid"},"content":{"rendered":"<p>O Brasil registrou 2.535 mortes por Covid-19 nas \u00faltimas 24 horas, totalizando neste s\u00e1bado (10) 351.469 v\u00edtimas desde o in\u00edcio da pandemia. Com isso, a m\u00e9dia m\u00f3vel de mortes no Brasil nos \u00faltimos 7 dias chegou a 3.025. Em compara\u00e7\u00e3o \u00e0 m\u00e9dia de 14 dias atr\u00e1s, a varia\u00e7\u00e3o foi de +16%, indicando tend\u00eancia de alta nos \u00f3bitos pela doen\u00e7a.<\/p>\n<p>Os n\u00fameros est\u00e3o no novo levantamento do cons\u00f3rcio de ve\u00edculos de imprensa sobre a situa\u00e7\u00e3o da pandemia de coronav\u00edrus no Brasil, consolidados \u00e0s 20h deste s\u00e1bado. O balan\u00e7o \u00e9 feito a partir de dados das secretarias estaduais de Sa\u00fade.<\/p>\n<p>J\u00e1 s\u00e3o 80 dias seguidos no Brasil com a m\u00e9dia m\u00f3vel de mortes acima da marca de mil; o pa\u00eds completa agora 25 dias com essa m\u00e9dia acima dos 2 mil mortos por dia; e j\u00e1 s\u00e3o 15 dias com a m\u00e9dia acima da marca de 2,5 mil. Agora, ela ultrapassa novamente a marca de 3 mil. A \u00faltima vez que isso havia acontecido foi em 2 de abril.<\/p>\n<p>Em casos confirmados, desde o come\u00e7o da pandemia 13.443.684 brasileiros j\u00e1 tiveram ou t\u00eam o novo coronav\u00edrus, com 68.270 desses confirmados no \u00faltimo dia. A m\u00e9dia m\u00f3vel nos \u00faltimos 7 dias foi de 70.152. Isso representa uma varia\u00e7\u00e3o de -8% em rela\u00e7\u00e3o aos casos registrados em duas semanas, o que indica tend\u00eancia de estabilidade nos diagn\u00f3sticos.<\/p>\n<p>&nbsp;<\/p>\n<p><strong>Fonte: G1<\/strong><\/p>\n<p>&nbsp;<\/p>\n","protected":false},"excerpt":{"rendered":"<p>O Brasil registrou 2.535 mortes por Covid-19 nas \u00faltimas 24 horas, totalizando neste s\u00e1bado (10) 351.469 v\u00edtimas desde o in\u00edcio da pandemia. Com isso, a m\u00e9dia m\u00f3vel de mortes no Brasil nos \u00faltimos 7 dias chegou a 3.025. Em compara\u00e7\u00e3o \u00e0 m\u00e9dia de 14 dias atr\u00e1s, a varia\u00e7\u00e3o foi de +16%, indicando tend\u00eancia de alta &hellip;<\/p>\n","protected":false},"author":1,"featured_media":14611,"comment_status":"closed","ping_status":"closed","sticky":false,"template":"","format":"standard","meta":{"_jetpack_newsletter_access":"","_jetpack_dont_email_post_to_subs":false,"_jetpack_newsletter_tier_id":0,"_jetpack_memberships_contains_paywalled_content":false,"_jetpack_memberships_contains_paid_content":false,"footnotes":""},"categories":[1],"tags":[],"class_list":["post-14610","post","type-post","status-publish","format-standard","has-post-thumbnail","hentry","category-destaque"],"jetpack_sharing_enabled":true,"jetpack_featured_media_url":"","_links":{"self":[{"href":"https:\/\/www.oparanews.com.br\/index.php\/wp-json\/wp\/v2\/posts\/14610","targetHints":{"allow":["GET"]}}],"collection":[{"href":"https:\/\/www.oparanews.com.br\/index.php\/wp-json\/wp\/v2\/posts"}],"about":[{"href":"https:\/\/www.oparanews.com.br\/index.php\/wp-json\/wp\/v2\/types\/post"}],"author":[{"embeddable":true,"href":"https:\/\/www.oparanews.com.br\/index.php\/wp-json\/wp\/v2\/users\/1"}],"replies":[{"embeddable":true,"href":"https:\/\/www.oparanews.com.br\/index.php\/wp-json\/wp\/v2\/comments?post=14610"}],"version-history":[{"count":0,"href":"https:\/\/www.oparanews.com.br\/index.php\/wp-json\/wp\/v2\/posts\/14610\/revisions"}],"wp:attachment":[{"href":"https:\/\/www.oparanews.com.br\/index.php\/wp-json\/wp\/v2\/media?parent=14610"}],"wp:term":[{"taxonomy":"category","embeddable":true,"href":"https:\/\/www.oparanews.com.br\/index.php\/wp-json\/wp\/v2\/categories?post=14610"},{"taxonomy":"post_tag","embeddable":true,"href":"https:\/\/www.oparanews.com.br\/index.php\/wp-json\/wp\/v2\/tags?post=14610"}],"curies":[{"name":"wp","href":"https:\/\/api.w.org\/{rel}","templated":true}]}}