{"id":14613,"date":"2021-04-10T23:59:44","date_gmt":"2021-04-10T23:59:44","guid":{"rendered":"https:\/\/oparanews.com.br\/?p=14613"},"modified":"2021-04-10T23:59:44","modified_gmt":"2021-04-10T23:59:44","slug":"saae-penedo-publica-mais-dois-pregoes-eletronicos","status":"publish","type":"post","link":"https:\/\/www.oparanews.com.br\/index.php\/2021\/04\/10\/saae-penedo-publica-mais-dois-pregoes-eletronicos\/","title":{"rendered":"SAAE Penedo publica mais dois preg\u00f5es eletr\u00f4nicos"},"content":{"rendered":"<p>O Servi\u00e7o Aut\u00f4nomo de \u00c1gua e Esgoto de Penedo, atrav\u00e9s de seu Pregoeiro Oficial Jos\u00e9 Claudio da Silva, comunica aos interessados que est\u00e1 aberta a licita\u00e7\u00e3o na modalidade Preg\u00e3o Eletr\u00f4nico.<\/p>\n<p>MODALIDADE: Preg\u00e3o Eletr\u00f4nico para Registro de Pre\u00e7o n\u00ba. 02\/2021.<br \/>\nOBJETO: Registro de pre\u00e7os para futura e eventual contrata\u00e7\u00e3o de empresa especializada na presta\u00e7\u00e3o de servi\u00e7os de sanitiza\u00e7\u00e3o de ambientes.<\/p>\n<p><strong>DATA: 19\/04\/2021.<\/strong><br \/>\nHOR\u00c1RIO DE BRAS\u00cdLIA: 14h00min.<br \/>\nMODALIDADE: Preg\u00e3o Eletr\u00f4nico para registro de pre\u00e7o n\u00ba. 03\/2021.<br \/>\nOBJETO: Registro de pre\u00e7os para futura e eventual Aquisi\u00e7\u00e3o de Produtos Qu\u00edmicos.<\/p>\n<p><strong>DATA: 26\/04\/2021.<\/strong><br \/>\nHOR\u00c1RIO DE BRAS\u00cdLIA: 14h00min.<br \/>\nENDERE\u00c7O ELETR\u00d4NICO: www.bnc.org.br<\/p>\n<p>Edital contendo as instru\u00e7\u00f5es estar\u00e1 \u00e0 disposi\u00e7\u00e3o dos interessados a partir de 01\/04\/2021, na sede do Servi\u00e7o Aut\u00f4nomo de \u00c1gua e Esgoto de Penedo\/AL, no hor\u00e1rio das 07h30min \u00e0s 13h30min; atrav\u00e9s dos sites <strong><a href=\"http:\/\/www.saaepenedo.com.br\/\">www.saaepenedo.com.br<\/a><\/strong> e <a href=\"https:\/\/bnc.org.br\/\"><strong>www.bnc.org.br<\/strong><\/a> ou ainda poder\u00e1 ser solicitado atrav\u00e9s do e-mail claudiosilva@saaependo.com.br<\/p>\n<p>&nbsp;<\/p>\n<p><strong>Fonte: Assessoria<\/strong><\/p>\n<p>&nbsp;<\/p>\n","protected":false},"excerpt":{"rendered":"<p>O Servi\u00e7o Aut\u00f4nomo de \u00c1gua e Esgoto de Penedo, atrav\u00e9s de seu Pregoeiro Oficial Jos\u00e9 Claudio da Silva, comunica aos interessados que est\u00e1 aberta a licita\u00e7\u00e3o na modalidade Preg\u00e3o Eletr\u00f4nico. MODALIDADE: Preg\u00e3o Eletr\u00f4nico para Registro de Pre\u00e7o n\u00ba. 02\/2021. OBJETO: Registro de pre\u00e7os para futura e eventual contrata\u00e7\u00e3o de empresa especializada na presta\u00e7\u00e3o de servi\u00e7os &hellip;<\/p>\n","protected":false},"author":1,"featured_media":14614,"comment_status":"closed","ping_status":"closed","sticky":false,"template":"","format":"standard","meta":{"_jetpack_newsletter_access":"","_jetpack_dont_email_post_to_subs":false,"_jetpack_newsletter_tier_id":0,"_jetpack_memberships_contains_paywalled_content":false,"_jetpack_memberships_contains_paid_content":false,"footnotes":""},"categories":[1],"tags":[],"class_list":["post-14613","post","type-post","status-publish","format-standard","has-post-thumbnail","hentry","category-destaque"],"jetpack_sharing_enabled":true,"jetpack_featured_media_url":"","_links":{"self":[{"href":"https:\/\/www.oparanews.com.br\/index.php\/wp-json\/wp\/v2\/posts\/14613","targetHints":{"allow":["GET"]}}],"collection":[{"href":"https:\/\/www.oparanews.com.br\/index.php\/wp-json\/wp\/v2\/posts"}],"about":[{"href":"https:\/\/www.oparanews.com.br\/index.php\/wp-json\/wp\/v2\/types\/post"}],"author":[{"embeddable":true,"href":"https:\/\/www.oparanews.com.br\/index.php\/wp-json\/wp\/v2\/users\/1"}],"replies":[{"embeddable":true,"href":"https:\/\/www.oparanews.com.br\/index.php\/wp-json\/wp\/v2\/comments?post=14613"}],"version-history":[{"count":0,"href":"https:\/\/www.oparanews.com.br\/index.php\/wp-json\/wp\/v2\/posts\/14613\/revisions"}],"wp:attachment":[{"href":"https:\/\/www.oparanews.com.br\/index.php\/wp-json\/wp\/v2\/media?parent=14613"}],"wp:term":[{"taxonomy":"category","embeddable":true,"href":"https:\/\/www.oparanews.com.br\/index.php\/wp-json\/wp\/v2\/categories?post=14613"},{"taxonomy":"post_tag","embeddable":true,"href":"https:\/\/www.oparanews.com.br\/index.php\/wp-json\/wp\/v2\/tags?post=14613"}],"curies":[{"name":"wp","href":"https:\/\/api.w.org\/{rel}","templated":true}]}}