{"id":14616,"date":"2021-04-11T00:04:00","date_gmt":"2021-04-11T00:04:00","guid":{"rendered":"https:\/\/oparanews.com.br\/?p=14616"},"modified":"2021-04-11T00:04:00","modified_gmt":"2021-04-11T00:04:00","slug":"jovens-sem-comorbidades-sao-maioria-na-uti-pela-1a-vez","status":"publish","type":"post","link":"https:\/\/www.oparanews.com.br\/index.php\/2021\/04\/11\/jovens-sem-comorbidades-sao-maioria-na-uti-pela-1a-vez\/","title":{"rendered":"Jovens sem comorbidades s\u00e3o maioria na UTI pela 1\u00aa vez"},"content":{"rendered":"<p>As interna\u00e7\u00f5es de pessoas com menos de 40 anos s\u00e3o maioria absoluta pela primeira vez desde o in\u00edcio da pandemia da Covid-19. As informa\u00e7\u00f5es s\u00e3o da Folha de S\u00e3o Paulo.<\/p>\n<p>De acordo com o jornal, ainda houve um salto expressivo no n\u00famero de pacientes graves com necessidade de ventila\u00e7\u00e3o mec\u00e2nica e que n\u00e3o apresentam nenhuma comorbidade.<\/p>\n<p>Em mar\u00e7o, 52,2% das interna\u00e7\u00f5es nas UTIs do Brasil se deram para pessoas at\u00e9 40 anos; e o total de pacientes que necessitaram de ventila\u00e7\u00e3o mec\u00e2nica atingiu 58,1%.<\/p>\n<p>Ambas as taxas s\u00e3o recordes, segundo dados da plataforma UTIs Brasileiras, da Amib (Associa\u00e7\u00e3o de Medicina Intensiva Brasileira).<\/p>\n<p>No caso da necessidade de aparelhos de ventila\u00e7\u00e3o, houve salto de quase 40% em rela\u00e7\u00e3o ao patamar do final do ano passado.<\/p>\n<p>&nbsp;<\/p>\n<p><strong>Fonte: ISTO\u00c9<\/strong><\/p>\n<p>&nbsp;<\/p>\n","protected":false},"excerpt":{"rendered":"<p>As interna\u00e7\u00f5es de pessoas com menos de 40 anos s\u00e3o maioria absoluta pela primeira vez desde o in\u00edcio da pandemia da Covid-19. As informa\u00e7\u00f5es s\u00e3o da Folha de S\u00e3o Paulo. De acordo com o jornal, ainda houve um salto expressivo no n\u00famero de pacientes graves com necessidade de ventila\u00e7\u00e3o mec\u00e2nica e que n\u00e3o apresentam nenhuma &hellip;<\/p>\n","protected":false},"author":1,"featured_media":14617,"comment_status":"closed","ping_status":"closed","sticky":false,"template":"","format":"standard","meta":{"_jetpack_newsletter_access":"","_jetpack_dont_email_post_to_subs":false,"_jetpack_newsletter_tier_id":0,"_jetpack_memberships_contains_paywalled_content":false,"_jetpack_memberships_contains_paid_content":false,"footnotes":""},"categories":[1],"tags":[],"class_list":["post-14616","post","type-post","status-publish","format-standard","has-post-thumbnail","hentry","category-destaque"],"jetpack_sharing_enabled":true,"jetpack_featured_media_url":"","_links":{"self":[{"href":"https:\/\/www.oparanews.com.br\/index.php\/wp-json\/wp\/v2\/posts\/14616","targetHints":{"allow":["GET"]}}],"collection":[{"href":"https:\/\/www.oparanews.com.br\/index.php\/wp-json\/wp\/v2\/posts"}],"about":[{"href":"https:\/\/www.oparanews.com.br\/index.php\/wp-json\/wp\/v2\/types\/post"}],"author":[{"embeddable":true,"href":"https:\/\/www.oparanews.com.br\/index.php\/wp-json\/wp\/v2\/users\/1"}],"replies":[{"embeddable":true,"href":"https:\/\/www.oparanews.com.br\/index.php\/wp-json\/wp\/v2\/comments?post=14616"}],"version-history":[{"count":0,"href":"https:\/\/www.oparanews.com.br\/index.php\/wp-json\/wp\/v2\/posts\/14616\/revisions"}],"wp:attachment":[{"href":"https:\/\/www.oparanews.com.br\/index.php\/wp-json\/wp\/v2\/media?parent=14616"}],"wp:term":[{"taxonomy":"category","embeddable":true,"href":"https:\/\/www.oparanews.com.br\/index.php\/wp-json\/wp\/v2\/categories?post=14616"},{"taxonomy":"post_tag","embeddable":true,"href":"https:\/\/www.oparanews.com.br\/index.php\/wp-json\/wp\/v2\/tags?post=14616"}],"curies":[{"name":"wp","href":"https:\/\/api.w.org\/{rel}","templated":true}]}}