{"id":14619,"date":"2021-04-11T00:05:08","date_gmt":"2021-04-11T00:05:08","guid":{"rendered":"https:\/\/oparanews.com.br\/?p=14619"},"modified":"2021-04-11T00:05:08","modified_gmt":"2021-04-11T00:05:08","slug":"marido-de-ivete-culpa-cozinheira-por-familia-pegar-covid","status":"publish","type":"post","link":"https:\/\/www.oparanews.com.br\/index.php\/2021\/04\/11\/marido-de-ivete-culpa-cozinheira-por-familia-pegar-covid\/","title":{"rendered":"Marido de Ivete culpa cozinheira por fam\u00edlia pegar covid"},"content":{"rendered":"<p>Durante um bate-papo com Regina Cas\u00e9, Daniel Cady, marido de Ivete Sangalo, revelou que a fam\u00edlia testou positivo para o Covid-19. Os dois conversaram em uma live sobre longevidade saud\u00e1vel.<\/p>\n<p>\u201cEu quero conhecer seu s\u00edtio, quero passar uns dias a\u00ed\u201d, pediu Daniel \u00e0 Regina. \u201cBora, tem que ficar cinco dias trancado a\u00ed. Testa e vem\u201d, respondeu a atriz.<\/p>\n<p>\u201cTodos n\u00f3s aqui pegamos Covid aqui em casa. Mas, gra\u00e7as a Deus, foi s\u00f3 sintomas leves. Marcelinho, eu, Ivete, todo mundo. Gra\u00e7as a Deus, n\u00e3o teve nada\u201d, contou.<\/p>\n<p>E continou. \u201cMas estamos com o cuidado redobrado agora. Continuamos isolados, todo mundo j\u00e1 completou o per\u00edodo de isolamento. A gente est\u00e1 mais tranquilo para poder ir \u00e0 algum lugar porque a gente estava muito mesmo entocado e o Covid chegou por uma funcion\u00e1ria, pela cozinheira. Ent\u00e3o, assim, o que a gente pode fazer, a gente fez. Mas esse lance do funcion\u00e1rio passar uma semana aqui e folgar\u2026 enfim\u2026 ela acabou trazendo para c\u00e1. Mas est\u00e1 tudo bem\u201d, afirmou no v\u00eddeo que est\u00e1 viralizando nas redes sociais.<\/p>\n<p>&nbsp;<\/p>\n<p><strong>Fonte: ISTO\u00c9<\/strong><\/p>\n<p>&nbsp;<\/p>\n","protected":false},"excerpt":{"rendered":"<p>Durante um bate-papo com Regina Cas\u00e9, Daniel Cady, marido de Ivete Sangalo, revelou que a fam\u00edlia testou positivo para o Covid-19. Os dois conversaram em uma live sobre longevidade saud\u00e1vel. \u201cEu quero conhecer seu s\u00edtio, quero passar uns dias a\u00ed\u201d, pediu Daniel \u00e0 Regina. \u201cBora, tem que ficar cinco dias trancado a\u00ed. Testa e vem\u201d, &hellip;<\/p>\n","protected":false},"author":1,"featured_media":14620,"comment_status":"closed","ping_status":"closed","sticky":false,"template":"","format":"standard","meta":{"_jetpack_newsletter_access":"","_jetpack_dont_email_post_to_subs":false,"_jetpack_newsletter_tier_id":0,"_jetpack_memberships_contains_paywalled_content":false,"_jetpack_memberships_contains_paid_content":false,"footnotes":""},"categories":[1],"tags":[],"class_list":["post-14619","post","type-post","status-publish","format-standard","has-post-thumbnail","hentry","category-destaque"],"jetpack_sharing_enabled":true,"jetpack_featured_media_url":"","_links":{"self":[{"href":"https:\/\/www.oparanews.com.br\/index.php\/wp-json\/wp\/v2\/posts\/14619","targetHints":{"allow":["GET"]}}],"collection":[{"href":"https:\/\/www.oparanews.com.br\/index.php\/wp-json\/wp\/v2\/posts"}],"about":[{"href":"https:\/\/www.oparanews.com.br\/index.php\/wp-json\/wp\/v2\/types\/post"}],"author":[{"embeddable":true,"href":"https:\/\/www.oparanews.com.br\/index.php\/wp-json\/wp\/v2\/users\/1"}],"replies":[{"embeddable":true,"href":"https:\/\/www.oparanews.com.br\/index.php\/wp-json\/wp\/v2\/comments?post=14619"}],"version-history":[{"count":0,"href":"https:\/\/www.oparanews.com.br\/index.php\/wp-json\/wp\/v2\/posts\/14619\/revisions"}],"wp:attachment":[{"href":"https:\/\/www.oparanews.com.br\/index.php\/wp-json\/wp\/v2\/media?parent=14619"}],"wp:term":[{"taxonomy":"category","embeddable":true,"href":"https:\/\/www.oparanews.com.br\/index.php\/wp-json\/wp\/v2\/categories?post=14619"},{"taxonomy":"post_tag","embeddable":true,"href":"https:\/\/www.oparanews.com.br\/index.php\/wp-json\/wp\/v2\/tags?post=14619"}],"curies":[{"name":"wp","href":"https:\/\/api.w.org\/{rel}","templated":true}]}}