{"id":14622,"date":"2021-04-11T00:11:38","date_gmt":"2021-04-11T00:11:38","guid":{"rendered":"https:\/\/oparanews.com.br\/?p=14622"},"modified":"2021-04-11T00:11:38","modified_gmt":"2021-04-11T00:11:38","slug":"marcelo-adnet-vira-curinga-da-globo-e-acaba-no-oscar","status":"publish","type":"post","link":"https:\/\/www.oparanews.com.br\/index.php\/2021\/04\/11\/marcelo-adnet-vira-curinga-da-globo-e-acaba-no-oscar\/","title":{"rendered":"Marcelo Adnet vira curinga da Globo e acaba no Oscar"},"content":{"rendered":"<p>Desde o fim da Escolinha do Professor Raimundo e do Fora de Hora, Marcelo Adnet segue na Globo sem um projeto fixo. Com isso, ele se tornou uma pe\u00e7a que est\u00e1 sendo utilizada em diversas atra\u00e7\u00f5es da emissora. No pr\u00f3ximo 25 de abril, por exemplo, o humorista atuar\u00e1 na transmiss\u00e3o do Oscar, produzindo uma cobertura bem-humorada atrav\u00e9s do Globoplay.<\/p>\n<p>Segundo o portal Not\u00edcias da TV, a ideia \u00e9 levar uma abordagem mais descontra\u00edda para a premia\u00e7\u00e3o do cinema mundial. Nos anos anteriores, a fun\u00e7\u00e3o j\u00e1 havia sido exercida pela equipe do Choque de Cultura e por Paulo Vieira e Renata Gaspar.<\/p>\n<p>Contratado pela Globo em 2013, Adnet teve dificuldade para emplacar um projeto na TV. O Dentista Mascarado (2013) e o Adnight Show (2016-2017) n\u00e3o funcionaram. Sua participa\u00e7\u00e3o no Se Joga, em 2019, tamb\u00e9m n\u00e3o ajudou a audi\u00eancia do vespertino.<\/p>\n<p>A partir dessa semana, ele se tornou comentarista do Plant\u00e3o BBB, comandado por Ana Clara. Durante entrevista \u00e0 Carla Bittencourt, o ator falou sobre a experi\u00eancia de falar a respeito do reality mais visto do pa\u00eds.<\/p>\n<p>\u201cA minha rela\u00e7\u00e3o com \u2018BBB\u2019 come\u00e7ou atrav\u00e9s de minha m\u00e3e, que \u00e9 muito f\u00e3 desde a primeira edi\u00e7\u00e3o. Eu chegava em casa, ouvia as tretas e discuss\u00f5es dos participantes e dizia: \u2018M\u00e3e, pelo amor de Deus, eu estou morando com essas pessoas\u2019. Eu n\u00e3o acompanhava, mas gostava de um ou outro brother, dos barracos e das situa\u00e7\u00f5es do jogo que eu achava engra\u00e7adas\u201d, disse.<\/p>\n<p>&nbsp;<\/p>\n<p><strong>Fonte: RD1<\/strong><\/p>\n<p>&nbsp;<\/p>\n","protected":false},"excerpt":{"rendered":"<p>Desde o fim da Escolinha do Professor Raimundo e do Fora de Hora, Marcelo Adnet segue na Globo sem um projeto fixo. Com isso, ele se tornou uma pe\u00e7a que est\u00e1 sendo utilizada em diversas atra\u00e7\u00f5es da emissora. No pr\u00f3ximo 25 de abril, por exemplo, o humorista atuar\u00e1 na transmiss\u00e3o do Oscar, produzindo uma cobertura &hellip;<\/p>\n","protected":false},"author":1,"featured_media":14623,"comment_status":"closed","ping_status":"closed","sticky":false,"template":"","format":"standard","meta":{"_jetpack_newsletter_access":"","_jetpack_dont_email_post_to_subs":false,"_jetpack_newsletter_tier_id":0,"_jetpack_memberships_contains_paywalled_content":false,"_jetpack_memberships_contains_paid_content":false,"footnotes":""},"categories":[1],"tags":[],"class_list":["post-14622","post","type-post","status-publish","format-standard","has-post-thumbnail","hentry","category-destaque"],"jetpack_sharing_enabled":true,"jetpack_featured_media_url":"","_links":{"self":[{"href":"https:\/\/www.oparanews.com.br\/index.php\/wp-json\/wp\/v2\/posts\/14622","targetHints":{"allow":["GET"]}}],"collection":[{"href":"https:\/\/www.oparanews.com.br\/index.php\/wp-json\/wp\/v2\/posts"}],"about":[{"href":"https:\/\/www.oparanews.com.br\/index.php\/wp-json\/wp\/v2\/types\/post"}],"author":[{"embeddable":true,"href":"https:\/\/www.oparanews.com.br\/index.php\/wp-json\/wp\/v2\/users\/1"}],"replies":[{"embeddable":true,"href":"https:\/\/www.oparanews.com.br\/index.php\/wp-json\/wp\/v2\/comments?post=14622"}],"version-history":[{"count":0,"href":"https:\/\/www.oparanews.com.br\/index.php\/wp-json\/wp\/v2\/posts\/14622\/revisions"}],"wp:attachment":[{"href":"https:\/\/www.oparanews.com.br\/index.php\/wp-json\/wp\/v2\/media?parent=14622"}],"wp:term":[{"taxonomy":"category","embeddable":true,"href":"https:\/\/www.oparanews.com.br\/index.php\/wp-json\/wp\/v2\/categories?post=14622"},{"taxonomy":"post_tag","embeddable":true,"href":"https:\/\/www.oparanews.com.br\/index.php\/wp-json\/wp\/v2\/tags?post=14622"}],"curies":[{"name":"wp","href":"https:\/\/api.w.org\/{rel}","templated":true}]}}