{"id":14631,"date":"2021-04-11T18:46:42","date_gmt":"2021-04-11T18:46:42","guid":{"rendered":"https:\/\/oparanews.com.br\/?p=14631"},"modified":"2021-04-11T18:46:42","modified_gmt":"2021-04-11T18:46:42","slug":"galvao-quebra-protocolo-troca-nomes-e-critica-cbf","status":"publish","type":"post","link":"https:\/\/www.oparanews.com.br\/index.php\/2021\/04\/11\/galvao-quebra-protocolo-troca-nomes-e-critica-cbf\/","title":{"rendered":"Galv\u00e3o &#8220;quebra protocolo&#8221;, troca nomes e critica CBF"},"content":{"rendered":"<p>A decis\u00e3o entre Flamengo e Palmeiras, pela Supercopa, neste domingo, no Man\u00e9 Garrincha, marcou o retorno de Galv\u00e3o Bueno aos jogos na Globo. Depois de ser aus\u00eancia na emissora por 14 meses e n\u00e3o narrar uma partida desde ent\u00e3o, o locutor est\u00e1 de volta. E a transmiss\u00e3o chamou a aten\u00e7\u00e3o do p\u00fablico.<\/p>\n<p>Logo no come\u00e7o do jogo, Galv\u00e3o acabou &#8220;quebrando o protocolo&#8221;, segundo ele. Durante a pandemia, os locutores da emissora se mantiveram distantes enquanto as c\u00e2meras estavam ligadas. No come\u00e7o das transmiss\u00f5es, os profissionais apenas se cumprimentavam pela fala. Galv\u00e3o n\u00e3o mediu esfor\u00e7os: esticou o bra\u00e7o e deu seu famoso &#8216;soquinho&#8217; com o comentarista Caio Ribeiro.<\/p>\n<p>Ao longa da partida, outras curiosidades chamaram a aten\u00e7\u00e3o dos internautas. Galv\u00e3o acabou errando a pron\u00fancia do \u00e1rbitro da partida, Leandro Vuaden. Pouco depois, o comentarista de arbitragem S\u00e1lvio Sp\u00ednola ajudou o narrador. A transmiss\u00e3o teve tamb\u00e9m as frases c\u00e9lebres e marcantes nos quase 50 anos de carreira, como o &#8220;haja cora\u00e7\u00e3o&#8221;.<\/p>\n<p><strong>Matheus Vi\u00f1a?<\/strong><\/p>\n<p>Galv\u00e3o cometeu alguns equ\u00edvocos na exibi\u00e7\u00e3o do duelo. Mat\u00edas Vi\u00f1a, do Palmeiras, virou Matheus Vi\u00f1a. Marcos Rocha, o outro lateral do time paulista, foi chamado de Marcos Rosca. Por\u00e9m, nada que atrapalhasse o confronto. Nas redes sociais, os torcedores brincaram com a emo\u00e7\u00e3o de Galv\u00e3o, que chegou a mandar um recado aos negacionistas da covid-19.<\/p>\n<p>Na reta final da partida uma confus\u00e3o no vesti\u00e1rios dos clubes acabou paralisando a partida. A briga mobilizou jogadores, que correram para apartar um desentendimento que, por\u00e9m, a transmiss\u00e3o da CBF n\u00e3o exibiu. O narrador ent\u00e3o fez quest\u00e3o de detonar a Confedera\u00e7\u00e3o Brasileira de Futebol por &#8216;esconder&#8217; a confus\u00e3o.<\/p>\n<p>Entre o \u00faltimo evento narrado por Galv\u00e3o, a Supercopa do Brasil de 2020 &#8211; onde o Flamengo venceu o Athletico -, e o duelo de domingo, passaram-se 420 dias. Nesse meio tempo, ele precisou se reinventar como comentarista esportivo. Em campo, o Flamengo foi campe\u00e3o da Supercopa. Gabigol e Arrascaeta marcaram pelo time rubro-Negro, enquanto o Palmeiras deixou dois com Raphael Veiga. A partida terminou nas penalidades.<\/p>\n<p>&nbsp;<\/p>\n<p><strong>Fonte: LANCE!<\/strong><\/p>\n<p>&nbsp;<\/p>\n","protected":false},"excerpt":{"rendered":"<p>A decis\u00e3o entre Flamengo e Palmeiras, pela Supercopa, neste domingo, no Man\u00e9 Garrincha, marcou o retorno de Galv\u00e3o Bueno aos jogos na Globo. Depois de ser aus\u00eancia na emissora por 14 meses e n\u00e3o narrar uma partida desde ent\u00e3o, o locutor est\u00e1 de volta. E a transmiss\u00e3o chamou a aten\u00e7\u00e3o do p\u00fablico. Logo no come\u00e7o &hellip;<\/p>\n","protected":false},"author":1,"featured_media":14632,"comment_status":"closed","ping_status":"closed","sticky":false,"template":"","format":"standard","meta":{"_jetpack_newsletter_access":"","_jetpack_dont_email_post_to_subs":false,"_jetpack_newsletter_tier_id":0,"_jetpack_memberships_contains_paywalled_content":false,"_jetpack_memberships_contains_paid_content":false,"footnotes":""},"categories":[1],"tags":[],"class_list":["post-14631","post","type-post","status-publish","format-standard","has-post-thumbnail","hentry","category-destaque"],"jetpack_sharing_enabled":true,"jetpack_featured_media_url":"","_links":{"self":[{"href":"https:\/\/www.oparanews.com.br\/index.php\/wp-json\/wp\/v2\/posts\/14631","targetHints":{"allow":["GET"]}}],"collection":[{"href":"https:\/\/www.oparanews.com.br\/index.php\/wp-json\/wp\/v2\/posts"}],"about":[{"href":"https:\/\/www.oparanews.com.br\/index.php\/wp-json\/wp\/v2\/types\/post"}],"author":[{"embeddable":true,"href":"https:\/\/www.oparanews.com.br\/index.php\/wp-json\/wp\/v2\/users\/1"}],"replies":[{"embeddable":true,"href":"https:\/\/www.oparanews.com.br\/index.php\/wp-json\/wp\/v2\/comments?post=14631"}],"version-history":[{"count":0,"href":"https:\/\/www.oparanews.com.br\/index.php\/wp-json\/wp\/v2\/posts\/14631\/revisions"}],"wp:attachment":[{"href":"https:\/\/www.oparanews.com.br\/index.php\/wp-json\/wp\/v2\/media?parent=14631"}],"wp:term":[{"taxonomy":"category","embeddable":true,"href":"https:\/\/www.oparanews.com.br\/index.php\/wp-json\/wp\/v2\/categories?post=14631"},{"taxonomy":"post_tag","embeddable":true,"href":"https:\/\/www.oparanews.com.br\/index.php\/wp-json\/wp\/v2\/tags?post=14631"}],"curies":[{"name":"wp","href":"https:\/\/api.w.org\/{rel}","templated":true}]}}