{"id":14651,"date":"2021-04-11T22:51:11","date_gmt":"2021-04-11T22:51:11","guid":{"rendered":"https:\/\/oparanews.com.br\/?p=14651"},"modified":"2021-04-11T22:51:11","modified_gmt":"2021-04-11T22:51:11","slug":"marido-fala-sobre-estado-de-paulo-gustavo-dificil","status":"publish","type":"post","link":"https:\/\/www.oparanews.com.br\/index.php\/2021\/04\/11\/marido-fala-sobre-estado-de-paulo-gustavo-dificil\/","title":{"rendered":"Marido fala sobre estado de Paulo Gustavo: &#8216;Dif\u00edcil&#8217;"},"content":{"rendered":"<p>Thales Bretas contou em seu Instagram neste domingo (11) que Paulo Gustavo est\u00e1 num &#8220;quadro dif\u00edcil&#8221;. Ele est\u00e1 internado desde o \u00faltimo dia 13 devido \u00e0s complica\u00e7\u00f5es da Covid-19. O dermatologista publicou uma foto de uma viagem do casal para falar do estado cl\u00ednico do humorista.<\/p>\n<p>&#8220;Nossa amiga Pollyanna Rocha me lembrou hoje do dia em que estivemos juntos em F\u00e1tima. E a Nossa Senhora tenho recorrido muito nesses dias dif\u00edceis&#8230; o quadro cl\u00ednico do meu amor Paulo Gustavo est\u00e1 dif\u00edcil, mas para ele nada \u00e9 imposs\u00edvel, e nem pra Ele, nosso Deus, e essa dupla poderosa vai trazer ele de volta pra casa&#8221;, acredita o m\u00e9dico.<\/p>\n<p>Thales ainda publicou o comunicado oficial da assessoria de Paulo Gustavo para este domingo. Desde a interna\u00e7\u00e3o, ele j\u00e1 passou por diversos procedimentos para melhorar as fun\u00e7\u00f5es dos pulm\u00f5es.<\/p>\n<p>De acordo com o boletim m\u00e9dico, a situa\u00e7\u00e3o cl\u00ednica do artista \u00e9 cr\u00edtica e todos os equipamentos necess\u00e1rios para o suporte da vida, como a ventila\u00e7\u00e3o mec\u00e2nica e a ECMO continuam necess\u00e1rios.<\/p>\n<p><strong>Leia o comunicado:<\/strong><\/p>\n<p><em>Internado desde 13 de mar\u00e7o, no Rio de Janeiro, com quadro de Covid-19, Paulo Gustavo segue em terapia intensiva e apresenta sinais de gravidade. As diversas complica\u00e7\u00f5es pulmonares j\u00e1 demandaram procedimentos invasivos como broncoscopias, pleuroscopias e coloca\u00e7\u00e3o de dispositivos intrapulmonares.<\/em><\/p>\n<p><em>Hoje, a equipe m\u00e9dica esclarece que:<\/em><\/p>\n<p><em>\u201c\u00c0s f\u00edstulas bronco-pleurais identificadas e tratadas somaram-se a complica\u00e7\u00f5es hemorr\u00e1gicas, mas que v\u00eam respondendo, de certa forma satisfat\u00f3ria, \u00e0 reposi\u00e7\u00e3o dos fatores da coagula\u00e7\u00e3o deficit\u00e1rios. A situa\u00e7\u00e3o cl\u00ednica do paciente \u00e9 cr\u00edtica e todos os profissionais t\u00eam se empenhado incessantemente pela sua recupera\u00e7\u00e3o. Todos os equipamentos necess\u00e1rios para o suporte da vida, como a ventila\u00e7\u00e3o mec\u00e2nica e a ECMO continuam sendo necess\u00e1rios.\u201d<\/em><\/p>\n<p><em>A fam\u00edlia do ator agradece todo o carinho e ora\u00e7\u00f5es e pede que continuem a enviar boas energias para a recupera\u00e7\u00e3o de todos os que se encontram na luta contra o v\u00edrus. Sigamos com f\u00e9 e pensamento positivo porque Paulo \u00e9 muito guerreiro e Deus est\u00e1 do nosso lado! Am\u00e9m.<\/em><\/p>\n<p>&nbsp;<\/p>\n<p><strong>Fonte: Quem<\/strong><\/p>\n<p>&nbsp;<\/p>\n","protected":false},"excerpt":{"rendered":"<p>Thales Bretas contou em seu Instagram neste domingo (11) que Paulo Gustavo est\u00e1 num &#8220;quadro dif\u00edcil&#8221;. Ele est\u00e1 internado desde o \u00faltimo dia 13 devido \u00e0s complica\u00e7\u00f5es da Covid-19. O dermatologista publicou uma foto de uma viagem do casal para falar do estado cl\u00ednico do humorista. &#8220;Nossa amiga Pollyanna Rocha me lembrou hoje do dia &hellip;<\/p>\n","protected":false},"author":1,"featured_media":14652,"comment_status":"closed","ping_status":"closed","sticky":false,"template":"","format":"standard","meta":{"_jetpack_newsletter_access":"","_jetpack_dont_email_post_to_subs":false,"_jetpack_newsletter_tier_id":0,"_jetpack_memberships_contains_paywalled_content":false,"_jetpack_memberships_contains_paid_content":false,"footnotes":""},"categories":[1],"tags":[],"class_list":["post-14651","post","type-post","status-publish","format-standard","has-post-thumbnail","hentry","category-destaque"],"jetpack_sharing_enabled":true,"jetpack_featured_media_url":"","_links":{"self":[{"href":"https:\/\/www.oparanews.com.br\/index.php\/wp-json\/wp\/v2\/posts\/14651","targetHints":{"allow":["GET"]}}],"collection":[{"href":"https:\/\/www.oparanews.com.br\/index.php\/wp-json\/wp\/v2\/posts"}],"about":[{"href":"https:\/\/www.oparanews.com.br\/index.php\/wp-json\/wp\/v2\/types\/post"}],"author":[{"embeddable":true,"href":"https:\/\/www.oparanews.com.br\/index.php\/wp-json\/wp\/v2\/users\/1"}],"replies":[{"embeddable":true,"href":"https:\/\/www.oparanews.com.br\/index.php\/wp-json\/wp\/v2\/comments?post=14651"}],"version-history":[{"count":0,"href":"https:\/\/www.oparanews.com.br\/index.php\/wp-json\/wp\/v2\/posts\/14651\/revisions"}],"wp:attachment":[{"href":"https:\/\/www.oparanews.com.br\/index.php\/wp-json\/wp\/v2\/media?parent=14651"}],"wp:term":[{"taxonomy":"category","embeddable":true,"href":"https:\/\/www.oparanews.com.br\/index.php\/wp-json\/wp\/v2\/categories?post=14651"},{"taxonomy":"post_tag","embeddable":true,"href":"https:\/\/www.oparanews.com.br\/index.php\/wp-json\/wp\/v2\/tags?post=14651"}],"curies":[{"name":"wp","href":"https:\/\/api.w.org\/{rel}","templated":true}]}}