{"id":14654,"date":"2021-04-12T13:40:09","date_gmt":"2021-04-12T13:40:09","guid":{"rendered":"https:\/\/oparanews.com.br\/?p=14654"},"modified":"2021-04-12T13:40:09","modified_gmt":"2021-04-12T13:40:09","slug":"audio-ronaldo-lopes-deixa-sua-mensagem-sobre-os-385-anos-de-penedo","status":"publish","type":"post","link":"https:\/\/www.oparanews.com.br\/index.php\/2021\/04\/12\/audio-ronaldo-lopes-deixa-sua-mensagem-sobre-os-385-anos-de-penedo\/","title":{"rendered":"\u00c1UDIO: Ronaldo Lopes deixa sua mensagem sobre os 385 anos de Penedo"},"content":{"rendered":"<p>Hoje (12\/04\/2021) Penedo comemora 385 anos de eleva\u00e7\u00e3o \u00e0 Vila e o portal de not\u00edcias OparaNews marcou presen\u00e7a na solenidade realizada pela Prefeitura de Penedo nesta manh\u00e3 onde aconteceu o hasteamento da Bandeira.<\/p>\n<p>Na oportunidade nossa reportagem conversou com o prefeito Ronaldo Lopes e ele deixou sua mensagem parabenizando Penedo.<\/p>\n<audio class=\"wp-audio-shortcode\" id=\"audio-14654-1\" preload=\"none\" style=\"width: 100%;\" controls=\"controls\"><source type=\"audio\/mpeg\" src=\"https:\/\/oparanews.com.br\/wp-content\/uploads\/2021\/04\/AUDIO-RONALDO-385-ANOS-PENEDO.mp3?_=1\" \/><a href=\"https:\/\/oparanews.com.br\/wp-content\/uploads\/2021\/04\/AUDIO-RONALDO-385-ANOS-PENEDO.mp3\">https:\/\/oparanews.com.br\/wp-content\/uploads\/2021\/04\/AUDIO-RONALDO-385-ANOS-PENEDO.mp3<\/a><\/audio>\n<p>&nbsp;<\/p>\n<p><strong>por Reda\u00e7\u00e3o<\/strong><\/p>\n<p>&nbsp;<\/p>\n","protected":false},"excerpt":{"rendered":"<p>Hoje (12\/04\/2021) Penedo comemora 385 anos de eleva\u00e7\u00e3o \u00e0 Vila e o portal de not\u00edcias OparaNews marcou presen\u00e7a na solenidade realizada pela Prefeitura de Penedo nesta manh\u00e3 onde aconteceu o hasteamento da Bandeira. Na oportunidade nossa reportagem conversou com o prefeito Ronaldo Lopes e ele deixou sua mensagem parabenizando Penedo. &nbsp; por Reda\u00e7\u00e3o &nbsp;<\/p>\n","protected":false},"author":1,"featured_media":14656,"comment_status":"closed","ping_status":"closed","sticky":false,"template":"","format":"standard","meta":{"_jetpack_newsletter_access":"","_jetpack_dont_email_post_to_subs":false,"_jetpack_newsletter_tier_id":0,"_jetpack_memberships_contains_paywalled_content":false,"_jetpack_memberships_contains_paid_content":false,"footnotes":""},"categories":[1],"tags":[],"class_list":["post-14654","post","type-post","status-publish","format-standard","has-post-thumbnail","hentry","category-destaque"],"jetpack_sharing_enabled":true,"jetpack_featured_media_url":"","_links":{"self":[{"href":"https:\/\/www.oparanews.com.br\/index.php\/wp-json\/wp\/v2\/posts\/14654","targetHints":{"allow":["GET"]}}],"collection":[{"href":"https:\/\/www.oparanews.com.br\/index.php\/wp-json\/wp\/v2\/posts"}],"about":[{"href":"https:\/\/www.oparanews.com.br\/index.php\/wp-json\/wp\/v2\/types\/post"}],"author":[{"embeddable":true,"href":"https:\/\/www.oparanews.com.br\/index.php\/wp-json\/wp\/v2\/users\/1"}],"replies":[{"embeddable":true,"href":"https:\/\/www.oparanews.com.br\/index.php\/wp-json\/wp\/v2\/comments?post=14654"}],"version-history":[{"count":0,"href":"https:\/\/www.oparanews.com.br\/index.php\/wp-json\/wp\/v2\/posts\/14654\/revisions"}],"wp:attachment":[{"href":"https:\/\/www.oparanews.com.br\/index.php\/wp-json\/wp\/v2\/media?parent=14654"}],"wp:term":[{"taxonomy":"category","embeddable":true,"href":"https:\/\/www.oparanews.com.br\/index.php\/wp-json\/wp\/v2\/categories?post=14654"},{"taxonomy":"post_tag","embeddable":true,"href":"https:\/\/www.oparanews.com.br\/index.php\/wp-json\/wp\/v2\/tags?post=14654"}],"curies":[{"name":"wp","href":"https:\/\/api.w.org\/{rel}","templated":true}]}}