{"id":14667,"date":"2021-04-12T17:23:09","date_gmt":"2021-04-12T17:23:09","guid":{"rendered":"https:\/\/oparanews.com.br\/?p=14667"},"modified":"2021-04-12T17:23:09","modified_gmt":"2021-04-12T17:23:09","slug":"penedo-celebra-385-anos-com-tradicional-hasteamento-da-bandeira","status":"publish","type":"post","link":"https:\/\/www.oparanews.com.br\/index.php\/2021\/04\/12\/penedo-celebra-385-anos-com-tradicional-hasteamento-da-bandeira\/","title":{"rendered":"Penedo celebra 385 anos com tradicional Hasteamento da Bandeira"},"content":{"rendered":"<p>Por isso, a gest\u00e3o Crescendo com Seu Povo realizou na Pra\u00e7a Bar\u00e3o de Penedo, o tradicional Hasteamento dos Pavilh\u00f5es em comemora\u00e7\u00e3o ao anivers\u00e1rio da cidade.<\/p>\n<p>Para isso, foram seguidas todas as medidas de seguran\u00e7a, relacionadas a preven\u00e7\u00e3o da Covid-19, para que o ato comemorativo pudesse ocorrer.<\/p>\n<p>Durante o evento, as pessoas presentes, entre essas autoridades municipais e representantes das for\u00e7as armadas (Marinha e Ex\u00e9rcito), Policia Militar e Corpo de Bombeiros, estiveram fazendo uso da m\u00e1scara facial e mantendo o devido distanciamento social.<\/p>\n<p>Tamb\u00e9m participou da solenidade, a banda do Monte Pio dos Artistas, tocando o Hino Nacional Brasileiro e tamb\u00e9m o Hino do tricenten\u00e1rio de Penedo.<\/p>\n<p><strong>Ronaldo Lopes<\/strong><\/p>\n<p>Ao discursar ap\u00f3s o Hasteamento dos Pavilh\u00f5es do Brasil, de Alagoas e Penedo, o Prefeito Ronaldo Lopes, pediu um minuto de sil\u00eancio em homenagem as pessoas que perderam a vida devido \u00e0 pandemia de Covid-19.<\/p>\n<p>Al\u00e9m disso, falou da import\u00e2ncia hist\u00f3rica de Penedo e de sua rica arquitetura colonial. Tamb\u00e9m abordou as medidas que est\u00e3o sendo adotadas durante os primeiros 100 dias de governo, para tornar Penedo uma cidade mais justa com as pessoas que mais precisam.<\/p>\n<p>Ronaldo Lopes destacou as obras de asfaltamento de diversas vias urbanas, realizadas por meio do Pr\u00f3 Estradas, incluindo as ruas do Bairro Santa Cecilia, popular Matadouro, e tamb\u00e9m anunciou um novo programa lan\u00e7ado recentemente pelo Governador Renan Filho, que prev\u00ea melhorias nas habita\u00e7\u00f5es da popula\u00e7\u00e3o carente.<\/p>\n<p>\u201cPenedo \u00e9 uma cidade diferenciada, com um povo diferenciado, com uma hist\u00f3ria bel\u00edssima, \u00e9 uma satisfa\u00e7\u00e3o muito grande poder comemorar os 385 anos da cidade como Prefeito e isso aumenta a nossa responsabilidade como gestor. Gostaria de desejar que a nossa cidade continue crescendo, se desenvolvendo, ficando cada dia mais bonita e principalmente seja cada vez mais justa, com aquelas pessoas mais carentes que moram na cidade de Penedo\u201d, afirmou o Prefeito Ronaldo Lopes.<\/p>\n<p>&nbsp;<\/p>\n<p><strong>por Thiago Sobral &#8211; Decom\/ PMP<\/strong><\/p>\n<p><a href=\"https:\/\/oparanews.com.br\/penedo-celebra-385-anos-com-tradicional-hasteamento-da-bandeira\/img_5880-scaled\/\" rel=\"attachment wp-att-14669\"><img loading=\"lazy\" decoding=\"async\" class=\"alignleft size-thumbnail wp-image-14669\" src=\"https:\/\/oparanews.com.br\/wp-content\/uploads\/2021\/04\/IMG_5880-scaled-1-150x150.jpg\" alt=\"\" width=\"150\" height=\"150\" \/><\/a><a href=\"https:\/\/oparanews.com.br\/penedo-celebra-385-anos-com-tradicional-hasteamento-da-bandeira\/img_5817-scaled\/\" rel=\"attachment wp-att-14670\"><img loading=\"lazy\" decoding=\"async\" class=\"alignleft size-thumbnail wp-image-14670\" src=\"https:\/\/oparanews.com.br\/wp-content\/uploads\/2021\/04\/IMG_5817-scaled-1-150x150.jpg\" alt=\"\" width=\"150\" height=\"150\" \/><\/a><\/p>\n<p>&nbsp;<\/p>\n<p>&nbsp;<\/p>\n<p>&nbsp;<\/p>\n<p>&nbsp;<\/p>\n","protected":false},"excerpt":{"rendered":"<p>Por isso, a gest\u00e3o Crescendo com Seu Povo realizou na Pra\u00e7a Bar\u00e3o de Penedo, o tradicional Hasteamento dos Pavilh\u00f5es em comemora\u00e7\u00e3o ao anivers\u00e1rio da cidade. Para isso, foram seguidas todas as medidas de seguran\u00e7a, relacionadas a preven\u00e7\u00e3o da Covid-19, para que o ato comemorativo pudesse ocorrer. Durante o evento, as pessoas presentes, entre essas autoridades &hellip;<\/p>\n","protected":false},"author":1,"featured_media":14668,"comment_status":"closed","ping_status":"closed","sticky":false,"template":"","format":"standard","meta":{"_jetpack_newsletter_access":"","_jetpack_dont_email_post_to_subs":false,"_jetpack_newsletter_tier_id":0,"_jetpack_memberships_contains_paywalled_content":false,"_jetpack_memberships_contains_paid_content":false,"footnotes":""},"categories":[1],"tags":[],"class_list":["post-14667","post","type-post","status-publish","format-standard","has-post-thumbnail","hentry","category-destaque"],"jetpack_sharing_enabled":true,"jetpack_featured_media_url":"","_links":{"self":[{"href":"https:\/\/www.oparanews.com.br\/index.php\/wp-json\/wp\/v2\/posts\/14667","targetHints":{"allow":["GET"]}}],"collection":[{"href":"https:\/\/www.oparanews.com.br\/index.php\/wp-json\/wp\/v2\/posts"}],"about":[{"href":"https:\/\/www.oparanews.com.br\/index.php\/wp-json\/wp\/v2\/types\/post"}],"author":[{"embeddable":true,"href":"https:\/\/www.oparanews.com.br\/index.php\/wp-json\/wp\/v2\/users\/1"}],"replies":[{"embeddable":true,"href":"https:\/\/www.oparanews.com.br\/index.php\/wp-json\/wp\/v2\/comments?post=14667"}],"version-history":[{"count":0,"href":"https:\/\/www.oparanews.com.br\/index.php\/wp-json\/wp\/v2\/posts\/14667\/revisions"}],"wp:attachment":[{"href":"https:\/\/www.oparanews.com.br\/index.php\/wp-json\/wp\/v2\/media?parent=14667"}],"wp:term":[{"taxonomy":"category","embeddable":true,"href":"https:\/\/www.oparanews.com.br\/index.php\/wp-json\/wp\/v2\/categories?post=14667"},{"taxonomy":"post_tag","embeddable":true,"href":"https:\/\/www.oparanews.com.br\/index.php\/wp-json\/wp\/v2\/tags?post=14667"}],"curies":[{"name":"wp","href":"https:\/\/api.w.org\/{rel}","templated":true}]}}