{"id":14676,"date":"2021-04-12T17:30:25","date_gmt":"2021-04-12T17:30:25","guid":{"rendered":"https:\/\/oparanews.com.br\/?p=14676"},"modified":"2021-04-12T17:30:25","modified_gmt":"2021-04-12T17:30:25","slug":"conmebol-divulga-tabela-da-fase-de-grupos-da-libertadores","status":"publish","type":"post","link":"https:\/\/www.oparanews.com.br\/index.php\/2021\/04\/12\/conmebol-divulga-tabela-da-fase-de-grupos-da-libertadores\/","title":{"rendered":"Conmebol divulga tabela da fase de grupos da Libertadores"},"content":{"rendered":"<p>A Conmebol divulgou nesta segunda-feira os jogos da fase de grupos da Copa Libertadores de 2021. A primeira rodada est\u00e1 marcara para o dia 20 de abril. A \u00faltima tem previs\u00e3o para ser disputada em 27 de maio.<\/p>\n<p>O primeiro brasileiro a entrar em campo ser\u00e1 o Internacional, dia 20, contra Always Ready-BOL, \u00e0s 19h15 (de Bras\u00edlia), em La Paz. O Santos tamb\u00e9m pode atuar no mesmo dia e hor\u00e1rio. Se passar pelo San Lorenzo na fase pr\u00e9via (venceu o primeiro jogo por 3 a 1, na Argentina), o Peixe encara em casa o Barcelona-EQU.<\/p>\n<p>Ainda em 20 de abril, o Flamengo visita o V\u00e9lez, \u00e0s 21h30, na Argentina, enquanto o S\u00e3o Paulo enfrenta o Sporting Cristal-PER, em Lima.<\/p>\n<p>No dia 21, o Atl\u00e9tico-MG estreia diante do Deportivo La Guaira-VEN, \u00e0s 19h, na Venezuela. A data tamb\u00e9m ser\u00e1 a estreia do Gr\u00eamio caso passe pelo Independiente del Valle (perdeu por 2 a 1, no Equador). O Tricolor ga\u00facho, se avan\u00e7ar, recebe o Defensa y Justicia, \u00e0s 21h, em Porto Alegre.<\/p>\n<p>No mesmo hor\u00e1rio, o atual campe\u00e3o Palmeiras estreia fora de casa contra o Universitario-PER, em Lima.<\/p>\n<p>Em 22 de abril, o Fluminense faz seu primeiro duelo na Libertadores contra o River Plate-ARG, \u00e0s 19h, no Maracan\u00e3.<\/p>\n<p><strong>Veja abaixo a tabela completa:<\/strong><\/p>\n<p><img decoding=\"async\" class=\"i-amphtml-image-viewer-image\" src=\"https:\/\/s2.glbimg.com\/9JGgsCkR7W_XND4Wxm-16F8kk44=\/0x0:827x509\/1008x0\/smart\/filters:strip_icc()\/i.s3.glbimg.com\/v1\/AUTH_bc8228b6673f488aa253bbcb03c80ec5\/internal_photos\/bs\/2021\/J\/n\/q7PHxBRnAhW6iQXaxhHQ\/tabela-1.jpg\" \/><\/p>\n<p><img decoding=\"async\" class=\"i-amphtml-image-viewer-image\" src=\"https:\/\/s2.glbimg.com\/yZH1_JkJiyxMQoht7HBptJPIwLU=\/0x0:824x506\/1008x0\/smart\/filters:strip_icc()\/i.s3.glbimg.com\/v1\/AUTH_bc8228b6673f488aa253bbcb03c80ec5\/internal_photos\/bs\/2021\/g\/E\/J1nANuR0aBs17d99AJxg\/tabela2.jpg\" \/><\/p>\n<p><img decoding=\"async\" class=\"i-amphtml-image-viewer-image\" src=\"https:\/\/s2.glbimg.com\/uc3-JAEFQMaHk4jYsiGOoJZZZWY=\/0x0:827x508\/1008x0\/smart\/filters:strip_icc()\/i.s3.glbimg.com\/v1\/AUTH_bc8228b6673f488aa253bbcb03c80ec5\/internal_photos\/bs\/2021\/A\/L\/XQ58TKTOAbO1IR5GjxbA\/tabela-3.jpg\" \/><\/p>\n<p>&nbsp;<\/p>\n<p>&nbsp;<\/p>\n<p><strong>Fonte: GE<\/strong><\/p>\n","protected":false},"excerpt":{"rendered":"<p>A Conmebol divulgou nesta segunda-feira os jogos da fase de grupos da Copa Libertadores de 2021. A primeira rodada est\u00e1 marcara para o dia 20 de abril. A \u00faltima tem previs\u00e3o para ser disputada em 27 de maio. O primeiro brasileiro a entrar em campo ser\u00e1 o Internacional, dia 20, contra Always Ready-BOL, \u00e0s 19h15 &hellip;<\/p>\n","protected":false},"author":1,"featured_media":14677,"comment_status":"closed","ping_status":"closed","sticky":false,"template":"","format":"standard","meta":{"_jetpack_newsletter_access":"","_jetpack_dont_email_post_to_subs":false,"_jetpack_newsletter_tier_id":0,"_jetpack_memberships_contains_paywalled_content":false,"_jetpack_memberships_contains_paid_content":false,"footnotes":""},"categories":[1],"tags":[],"class_list":["post-14676","post","type-post","status-publish","format-standard","has-post-thumbnail","hentry","category-destaque"],"jetpack_sharing_enabled":true,"jetpack_featured_media_url":"","_links":{"self":[{"href":"https:\/\/www.oparanews.com.br\/index.php\/wp-json\/wp\/v2\/posts\/14676","targetHints":{"allow":["GET"]}}],"collection":[{"href":"https:\/\/www.oparanews.com.br\/index.php\/wp-json\/wp\/v2\/posts"}],"about":[{"href":"https:\/\/www.oparanews.com.br\/index.php\/wp-json\/wp\/v2\/types\/post"}],"author":[{"embeddable":true,"href":"https:\/\/www.oparanews.com.br\/index.php\/wp-json\/wp\/v2\/users\/1"}],"replies":[{"embeddable":true,"href":"https:\/\/www.oparanews.com.br\/index.php\/wp-json\/wp\/v2\/comments?post=14676"}],"version-history":[{"count":0,"href":"https:\/\/www.oparanews.com.br\/index.php\/wp-json\/wp\/v2\/posts\/14676\/revisions"}],"wp:attachment":[{"href":"https:\/\/www.oparanews.com.br\/index.php\/wp-json\/wp\/v2\/media?parent=14676"}],"wp:term":[{"taxonomy":"category","embeddable":true,"href":"https:\/\/www.oparanews.com.br\/index.php\/wp-json\/wp\/v2\/categories?post=14676"},{"taxonomy":"post_tag","embeddable":true,"href":"https:\/\/www.oparanews.com.br\/index.php\/wp-json\/wp\/v2\/tags?post=14676"}],"curies":[{"name":"wp","href":"https:\/\/api.w.org\/{rel}","templated":true}]}}