{"id":14679,"date":"2021-04-12T23:35:12","date_gmt":"2021-04-12T23:35:12","guid":{"rendered":"https:\/\/oparanews.com.br\/?p=14679"},"modified":"2021-04-12T23:35:12","modified_gmt":"2021-04-12T23:35:12","slug":"vereador-rodrigo-regueira-alerta-sobre-a-necessidade-de-identificar-ruas-de-penedo","status":"publish","type":"post","link":"https:\/\/www.oparanews.com.br\/index.php\/2021\/04\/12\/vereador-rodrigo-regueira-alerta-sobre-a-necessidade-de-identificar-ruas-de-penedo\/","title":{"rendered":"Vereador Rodrigo Regueira alerta sobre a necessidade de identificar ruas de Penedo"},"content":{"rendered":"<p>As restri\u00e7\u00f5es impostas pela pandemia da Covid-19 geram a busca por solu\u00e7\u00f5es para manuten\u00e7\u00e3o de determinadas atividades. Fechadas ao p\u00fablico ou funcionado em hor\u00e1rio reduzido, empresas de todos os portes recorrem ao servi\u00e7o de entrega em domic\u00edlio, tamb\u00e9m identificado como delivery.<\/p>\n<p>A alternativa de atendimento ao cliente \u00e9 dificultada pela aus\u00eancia ou precariedade da identifica\u00e7\u00e3o de ruas e outros logradouros p\u00fablicos de Penedo, queixa apresentada ao Vereador Rodrigo Regueira por comerciantes e motoristas que atuam com aplicativos.<\/p>\n<p>Para solucionar essa quest\u00e3o, Rodrigo Regueira requer a sinaliza\u00e7\u00e3o adequada das vias p\u00fablicas e das localidades de Penedo, pleito apresentado na sess\u00e3o legislativa realizada na quinta-feira, 07 de abril.<\/p>\n<p>Ainda durante a mesma reuni\u00e3o virtual, o parlamentar pediu a instala\u00e7\u00e3o de p\u00f3rticos de boas vindas nos principais acessos \u00e0 cidade, exceto no porto das balsas devido \u00e0s restri\u00e7\u00f5es decorrentes do tombamento do patrim\u00f4nio hist\u00f3rico, art\u00edstico e cultural.<\/p>\n<p>Rodrigo Regueira criticou a destina\u00e7\u00e3o da \u00e1rvore natalina que solicitou a retirada da Pra\u00e7a 12 de Abril, estrutura colocada em \u00e1rea na beira do Rio S\u00e3o Francisco, espa\u00e7o inadequado para a pe\u00e7a decorativa que precisa ser preservada, de modo a ser novamente utilizada, conforme destacou em seu pronunciamento.<\/p>\n<p>&nbsp;<\/p>\n<p><strong>Fonte: Assessoria<\/strong><\/p>\n<p>&nbsp;<\/p>\n","protected":false},"excerpt":{"rendered":"<p>As restri\u00e7\u00f5es impostas pela pandemia da Covid-19 geram a busca por solu\u00e7\u00f5es para manuten\u00e7\u00e3o de determinadas atividades. Fechadas ao p\u00fablico ou funcionado em hor\u00e1rio reduzido, empresas de todos os portes recorrem ao servi\u00e7o de entrega em domic\u00edlio, tamb\u00e9m identificado como delivery. A alternativa de atendimento ao cliente \u00e9 dificultada pela aus\u00eancia ou precariedade da identifica\u00e7\u00e3o &hellip;<\/p>\n","protected":false},"author":1,"featured_media":14680,"comment_status":"closed","ping_status":"closed","sticky":false,"template":"","format":"standard","meta":{"_jetpack_newsletter_access":"","_jetpack_dont_email_post_to_subs":false,"_jetpack_newsletter_tier_id":0,"_jetpack_memberships_contains_paywalled_content":false,"_jetpack_memberships_contains_paid_content":false,"footnotes":""},"categories":[1],"tags":[],"class_list":["post-14679","post","type-post","status-publish","format-standard","has-post-thumbnail","hentry","category-destaque"],"jetpack_sharing_enabled":true,"jetpack_featured_media_url":"","_links":{"self":[{"href":"https:\/\/www.oparanews.com.br\/index.php\/wp-json\/wp\/v2\/posts\/14679","targetHints":{"allow":["GET"]}}],"collection":[{"href":"https:\/\/www.oparanews.com.br\/index.php\/wp-json\/wp\/v2\/posts"}],"about":[{"href":"https:\/\/www.oparanews.com.br\/index.php\/wp-json\/wp\/v2\/types\/post"}],"author":[{"embeddable":true,"href":"https:\/\/www.oparanews.com.br\/index.php\/wp-json\/wp\/v2\/users\/1"}],"replies":[{"embeddable":true,"href":"https:\/\/www.oparanews.com.br\/index.php\/wp-json\/wp\/v2\/comments?post=14679"}],"version-history":[{"count":0,"href":"https:\/\/www.oparanews.com.br\/index.php\/wp-json\/wp\/v2\/posts\/14679\/revisions"}],"wp:attachment":[{"href":"https:\/\/www.oparanews.com.br\/index.php\/wp-json\/wp\/v2\/media?parent=14679"}],"wp:term":[{"taxonomy":"category","embeddable":true,"href":"https:\/\/www.oparanews.com.br\/index.php\/wp-json\/wp\/v2\/categories?post=14679"},{"taxonomy":"post_tag","embeddable":true,"href":"https:\/\/www.oparanews.com.br\/index.php\/wp-json\/wp\/v2\/tags?post=14679"}],"curies":[{"name":"wp","href":"https:\/\/api.w.org\/{rel}","templated":true}]}}