{"id":14688,"date":"2021-04-12T23:42:28","date_gmt":"2021-04-12T23:42:28","guid":{"rendered":"https:\/\/oparanews.com.br\/?p=14688"},"modified":"2021-04-12T23:42:28","modified_gmt":"2021-04-12T23:42:28","slug":"fabio-jr-e-vacinado-contra-covid-19-e-enfermeira-se-emociona","status":"publish","type":"post","link":"https:\/\/www.oparanews.com.br\/index.php\/2021\/04\/12\/fabio-jr-e-vacinado-contra-covid-19-e-enfermeira-se-emociona\/","title":{"rendered":"F\u00e1bio Jr \u00e9 vacinado contra Covid-19 e enfermeira se emociona"},"content":{"rendered":"<p>F\u00e1bio Jr foi vacinado contra a Covid-19. O cantor compartilhou v\u00eddeo em seu Instagram em que uma enfermeira se emocionava ao vacin\u00e1-lo, nesta segunda-feira (12). &#8220;Ai que prazer! Eu tinha que vir hoje na vacina. Tira uma foto de mim aqui. Morram de inveja&#8221;, disse a enfermeira, que at\u00e9 dancinha fez ap\u00f3s vacinar o cantor.<\/p>\n<p>F\u00e1bio, que postou uma foto com a caderneta de vacina\u00e7\u00e3o, fez quest\u00e3o de agradecer aos profissionais de sa\u00fade. &#8220;Hoje o dia foi de muita gratid\u00e3o! Agradecer aos profissionais da sa\u00fade&#8230; Ao SUS &#8230; \u00e0 ci\u00eancia &#8230; \u00c0 vida! Que Deus e toda a \u201cMo\u00e7ada da Luz\u201d nos aben\u00e7oe e nos proteja! Esperan\u00e7a que todos possam ser vacinados o quanto antes! Brigad\u00fa\u00fa\u00fa sempre! Continuem se cuidando!!&#8221;, pediu o artista.<\/p>\n<p>O artista falou com Quem no come\u00e7o da pandemia. &#8220;Sou muito caseiro, ent\u00e3o n\u00e3o estou fazendo nada muito diferente do que sempre fa\u00e7o e ficar em casa nesse momento n\u00e3o est\u00e1 sendo uma dificuldade muito grande. A \u00fanica coisa que alterei na minha rotina \u00e9 que estou fazendo caminhadas di\u00e1rias. Mas a falta de shows e as viagens est\u00e3o sendo bem complicados, sinto falta dos palcos e da energia do publico&#8221;, explicou ele, que acompanha o filho Fiuk, no BBB21.<\/p>\n<p>&nbsp;<\/p>\n<p><strong>Fonte: Quem<\/strong><\/p>\n<p>&nbsp;<\/p>\n","protected":false},"excerpt":{"rendered":"<p>F\u00e1bio Jr foi vacinado contra a Covid-19. O cantor compartilhou v\u00eddeo em seu Instagram em que uma enfermeira se emocionava ao vacin\u00e1-lo, nesta segunda-feira (12). &#8220;Ai que prazer! Eu tinha que vir hoje na vacina. Tira uma foto de mim aqui. Morram de inveja&#8221;, disse a enfermeira, que at\u00e9 dancinha fez ap\u00f3s vacinar o cantor. &hellip;<\/p>\n","protected":false},"author":1,"featured_media":14689,"comment_status":"closed","ping_status":"closed","sticky":false,"template":"","format":"standard","meta":{"_jetpack_newsletter_access":"","_jetpack_dont_email_post_to_subs":false,"_jetpack_newsletter_tier_id":0,"_jetpack_memberships_contains_paywalled_content":false,"_jetpack_memberships_contains_paid_content":false,"footnotes":""},"categories":[1],"tags":[],"class_list":["post-14688","post","type-post","status-publish","format-standard","has-post-thumbnail","hentry","category-destaque"],"jetpack_sharing_enabled":true,"jetpack_featured_media_url":"","_links":{"self":[{"href":"https:\/\/www.oparanews.com.br\/index.php\/wp-json\/wp\/v2\/posts\/14688","targetHints":{"allow":["GET"]}}],"collection":[{"href":"https:\/\/www.oparanews.com.br\/index.php\/wp-json\/wp\/v2\/posts"}],"about":[{"href":"https:\/\/www.oparanews.com.br\/index.php\/wp-json\/wp\/v2\/types\/post"}],"author":[{"embeddable":true,"href":"https:\/\/www.oparanews.com.br\/index.php\/wp-json\/wp\/v2\/users\/1"}],"replies":[{"embeddable":true,"href":"https:\/\/www.oparanews.com.br\/index.php\/wp-json\/wp\/v2\/comments?post=14688"}],"version-history":[{"count":0,"href":"https:\/\/www.oparanews.com.br\/index.php\/wp-json\/wp\/v2\/posts\/14688\/revisions"}],"wp:attachment":[{"href":"https:\/\/www.oparanews.com.br\/index.php\/wp-json\/wp\/v2\/media?parent=14688"}],"wp:term":[{"taxonomy":"category","embeddable":true,"href":"https:\/\/www.oparanews.com.br\/index.php\/wp-json\/wp\/v2\/categories?post=14688"},{"taxonomy":"post_tag","embeddable":true,"href":"https:\/\/www.oparanews.com.br\/index.php\/wp-json\/wp\/v2\/tags?post=14688"}],"curies":[{"name":"wp","href":"https:\/\/api.w.org\/{rel}","templated":true}]}}